{"id":7596,"date":"2018-11-23T07:31:21","date_gmt":"2018-11-23T06:31:21","guid":{"rendered":"http:\/\/radsportbezirk-westfalen-mitte.de\/wordpress\/?p=7596"},"modified":"2019-03-09T10:37:39","modified_gmt":"2019-03-09T09:37:39","slug":"luca-harter-fuehrt-im-deutschlandcup-einladung-zum-weltcup-in-belgien","status":"publish","type":"post","link":"https:\/\/radsportbezirk-westfalen-mitte.de\/wordpress\/7596\/","title":{"rendered":"Luca Harter f\u00fchrt im Deutschlandcup &#8211; Einladung zum Weltcup in Belgien"},"content":{"rendered":"<p>Lange hat es gedauert, bis er sein Talent genutzt hat. Jetzt schie\u00dft er sich an die Spitze im Cross Deutschland-Cup.<\/p>\n<p><!--more--><\/p>\n<p>Bereits im Oktober lie\u00df er mit seinem ersten Sieg im Deutschland-Cup aufhorchen. Mit einer unheimlichen Energieleistung und gro\u00dfer Konstanz hat er nun die F\u00fchrung in der wichtigsten deutschen Cross-Rennserie \u00fcbernommen.<\/p>\n<p>In Stuttgart Vaihingen galt es f\u00fcr Luca und Sven Harter auf einem schnellen und mit technischen Schwierigkeiten versehenen Kurs in der gro\u00dfen Konkurrenz mitzuhalten.<\/p>\n<p>Luca war mit seinem bekannten Blitzstart gleich unter den ersten Fahrern vertreten. W\u00e4hrend sich mit Marco Brenner und Tim Neffgen sehr schnell zwei Fahrer vom Feld l\u00f6sen konnten, bildete Luca mit acht weiteren Fahrern die Verfolgergruppe. \u201eEr hat es taktisch hervorragend gemacht. An den wichtigen und entscheidenden Stellen war er immer vorne in der Gruppe\u201c, so Trainer Sven Harter nach dem Rennen. \u201eMir ging in der letzten Runde ein wenig die Puste aus. Da wurden die Beine schwerer, sonst h\u00e4tte ich sicherlich noch ein wenig mehr als den 8 Platz herausfahren k\u00f6nnen\u201c, so Luca Harter mit einer wichtigen Erkenntnis.<\/p>\n<p>Vater und Trainer Sven nutzte die Chance, nebenher ebenfalls an den Start zu gehen. Im elit\u00e4ren Feld der Masters kam er auf einem \u00fcberzeugenden 11. Rang ins Ziel.<\/p>\n<p>Bereits unmittelbar nach den Rennen ging es f\u00fcr die Harters weiter nach Magstadt, wo am Folgetag das n\u00e4chste Rennen anstand. \u201eLuca bekam am Abend starke Magenkr\u00e4mpfe und leichtes Fieber. Wom\u00f6glich hatte er sich im Rennen \u00fcbernommen.<\/p>\n<p>Nach 12 Stunden Schlaf hatte er sich dann doch erholt in Magstadt an den Start stellen k\u00f6nnen. Auf dem schweren Kurs ging er das Rennen langsamer an als gewohnt. Nach zwei Runden lag er daher nur auf Platz 15. Anschlie\u00dfend erh\u00f6hte er Runde f\u00fcr Runde sein Tempo und sammelte so einen Fahrer nach dem Anderen wieder ein. Am Ende stand f\u00fcr ihn ein erneuter 8. Platz zu Buche. Die Punkte f\u00fcr diese Platzierungen reichten am Ende aus, dass er nach dem Rennwochenende erstmals in der Wertung um den Deutschland-Cup an der Spitze steht.<\/p>\n<p>Im Vergleich zum Vortag konnte sich Sven Harter auf den 10. Platz verbessern.<\/p>\n<p>Lohn f\u00fcr die starken Leistungen von Luca war jetzt seine erste Einladung zur Nationalmannschaft. Er wird am kommenden Wochenende im Nationaltrikot beim Weltcup in Koksijde (Belgien) an den Start gehen. Damit folgt er seinem Vater, der in den 80er Jahren ebenfalls im Cross das Nationaltrikot trug.<\/p>\n<p>&nbsp;<\/p>\n<p align=\"center\"><img loading=\"lazy\" decoding=\"async\" class=\"aligncenter wp-image-7595\" style=\"border: 1px solid black;\" src=\"http:\/\/radsportbezirk-westfalen-mitte.de\/wordpress\/wp-content\/uploads\/2018\/11\/technisch_starker_Auftritt.jpg\" alt=\"\" width=\"333\" height=\"500\" border=\"1\" srcset=\"https:\/\/radsportbezirk-westfalen-mitte.de\/wordpress\/wp-content\/uploads\/2018\/11\/technisch_starker_Auftritt.jpg 633w, https:\/\/radsportbezirk-westfalen-mitte.de\/wordpress\/wp-content\/uploads\/2018\/11\/technisch_starker_Auftritt-200x300.jpg 200w\" sizes=\"auto, (max-width: 333px) 100vw, 333px\" \/><\/p>\n<p>&nbsp;<\/p>\n<p>&nbsp;<\/p>\n<p>&nbsp;<\/p>\n<p>&nbsp;<\/p>\n<p>&nbsp;<\/p>\n<h2 align=\"center\"><strong><em>Text und Foto: RSV Unna<\/em><\/strong><\/h2>\n<p>&nbsp;<\/p>\n<p>&nbsp;<\/p>\n<p>&nbsp;<\/p>\n<p>&nbsp;<\/p>\n<p>&nbsp;<\/p>\n","protected":false},"excerpt":{"rendered":"<p>Lange hat es gedauert, bis er sein Talent genutzt hat. Jetzt schie\u00dft er sich an die Spitze im Cross Deutschland-Cup.<\/p><p><a class=\"more-link btn\" href=\"https:\/\/radsportbezirk-westfalen-mitte.de\/wordpress\/7596\/\">Weiterlesen<\/a><\/p>\n","protected":false},"author":1,"featured_media":7595,"comment_status":"closed","ping_status":"closed","sticky":false,"template":"","format":"standard","meta":{"footnotes":""},"categories":[48],"tags":[65,71,197,203,204],"class_list":["post-7596","post","type-post","status-publish","format-standard","has-post-thumbnail","hentry","category-cross-querfeldeinrennen","tag-65","tag-rsv-unna","tag-cross","tag-luca-harter","tag-deutschland-cup","wp-image-borders","item-wrap"],"_links":{"self":[{"href":"https:\/\/radsportbezirk-westfalen-mitte.de\/wordpress\/wp-json\/wp\/v2\/posts\/7596","targetHints":{"allow":["GET"]}}],"collection":[{"href":"https:\/\/radsportbezirk-westfalen-mitte.de\/wordpress\/wp-json\/wp\/v2\/posts"}],"about":[{"href":"https:\/\/radsportbezirk-westfalen-mitte.de\/wordpress\/wp-json\/wp\/v2\/types\/post"}],"author":[{"embeddable":true,"href":"https:\/\/radsportbezirk-westfalen-mitte.de\/wordpress\/wp-json\/wp\/v2\/users\/1"}],"replies":[{"embeddable":true,"href":"https:\/\/radsportbezirk-westfalen-mitte.de\/wordpress\/wp-json\/wp\/v2\/comments?post=7596"}],"version-history":[{"count":2,"href":"https:\/\/radsportbezirk-westfalen-mitte.de\/wordpress\/wp-json\/wp\/v2\/posts\/7596\/revisions"}],"predecessor-version":[{"id":9318,"href":"https:\/\/radsportbezirk-westfalen-mitte.de\/wordpress\/wp-json\/wp\/v2\/posts\/7596\/revisions\/9318"}],"wp:featuredmedia":[{"embeddable":true,"href":"https:\/\/radsportbezirk-westfalen-mitte.de\/wordpress\/wp-json\/wp\/v2\/media\/7595"}],"wp:attachment":[{"href":"https:\/\/radsportbezirk-westfalen-mitte.de\/wordpress\/wp-json\/wp\/v2\/media?parent=7596"}],"wp:term":[{"taxonomy":"category","embeddable":true,"href":"https:\/\/radsportbezirk-westfalen-mitte.de\/wordpress\/wp-json\/wp\/v2\/categories?post=7596"},{"taxonomy":"post_tag","embeddable":true,"href":"https:\/\/radsportbezirk-westfalen-mitte.de\/wordpress\/wp-json\/wp\/v2\/tags?post=7596"}],"curies":[{"name":"wp","href":"https:\/\/api.w.org\/{rel}","templated":true}]}}