{"id":7593,"date":"2018-11-06T08:52:53","date_gmt":"2018-11-06T07:52:53","guid":{"rendered":"http:\/\/radsportbezirk-westfalen-mitte.de\/wordpress\/?p=7593"},"modified":"2019-03-09T10:04:27","modified_gmt":"2019-03-09T09:04:27","slug":"herzlichen-glueckwunsch-hans","status":"publish","type":"post","link":"https:\/\/radsportbezirk-westfalen-mitte.de\/wordpress\/7593\/","title":{"rendered":"&#8222;Herzlichen Gl\u00fcckwunsch Hans&#8220;"},"content":{"rendered":"<p>Er ist die Stimme des Radsports an der Strecke. Stets kompetent, informativ und mit Pepp kommentiert er das Renngeschehen. Ob beim Giro d \u00cctalia in M\u00fcnster, den Weltmeisterschaften in Stuttgart, bei deutschen Meisterschaften, in der Bundesliga oder bei kleineren Rundstreckenrennen, jeder h\u00f6rt ihm gerne zu und l\u00e4sst sich von ihm mitrei\u00dfen.<\/p>\n<p><!--more--><\/p>\n<p>Zuhause ist er das Gesicht des RSV Unna, dessen Vorsitzender er seit vierunddrei\u00dfig Jahren ist. Er kann verbinden und Menschen motivieren sich zu engagieren und f\u00fcr Andere da zu sein. Zuletzt gelang ihm das f\u00fcr viele erkennbar bei der Ausrichtung der Drei-L\u00e4nder-Meisterschaft im Kreis Unna, die \u00fcber die Grenzen hinaus gro\u00dfe Anerkennung fand.<\/p>\n<p>Ihm ist es auch stets wichtig, den Nachwuchs an den Radsport heranzuf\u00fchren und dabei die Freude am Radsport zu wecken und f\u00f6rdern. Das ihm dies mit seinem Trainerteam im RSV Unna ebenfalls gelingt, kann regelm\u00e4\u00dfig beim Training beobachtet werden. F\u00fcnfzehn Sportlerinnen und Sportler der U11\/ U13 Klasse sind ein starker Beweis daf\u00fcr.<\/p>\n<p>Heute feiert Hans Kuhn seinen 70. Geburtstag. Ein Alter, dass man ihm bei seinem Elan nicht ansieht.<\/p>\n<p>Dein RSV Unna gratuliert dir von ganzem Herzen und w\u00fcnscht dir alles Gute.<\/p>\n<p style=\"text-align: center;\"><img loading=\"lazy\" decoding=\"async\" class=\"aligncenter wp-image-7592\" style=\"border: 1px solid black;\" src=\"http:\/\/radsportbezirk-westfalen-mitte.de\/wordpress\/wp-content\/uploads\/2018\/11\/Hans-Kuhn.jpg\" alt=\"\" width=\"500\" height=\"333\" border=\"1\" srcset=\"https:\/\/radsportbezirk-westfalen-mitte.de\/wordpress\/wp-content\/uploads\/2018\/11\/Hans-Kuhn.jpg 1081w, https:\/\/radsportbezirk-westfalen-mitte.de\/wordpress\/wp-content\/uploads\/2018\/11\/Hans-Kuhn-300x200.jpg 300w, https:\/\/radsportbezirk-westfalen-mitte.de\/wordpress\/wp-content\/uploads\/2018\/11\/Hans-Kuhn-768x512.jpg 768w, https:\/\/radsportbezirk-westfalen-mitte.de\/wordpress\/wp-content\/uploads\/2018\/11\/Hans-Kuhn-1024x682.jpg 1024w\" sizes=\"auto, (max-width: 500px) 100vw, 500px\" \/><em>v.l.: G\u00fcnter Schabel (BDR Vizepr\u00e4sident) und Hans Kuhn<\/em><\/p>\n<p>&nbsp;<\/p>\n<p>&nbsp;<\/p>\n<p>&nbsp;<\/p>\n<h2 align=\"center\"><strong><em>Text und Foto: RSV Unna<\/em><\/strong><\/h2>\n<p>&nbsp;<\/p>\n<p>&nbsp;<\/p>\n<p>&nbsp;<\/p>\n<p>&nbsp;<\/p>\n","protected":false},"excerpt":{"rendered":"<p>Er ist die Stimme des Radsports an der Strecke. Stets kompetent, informativ und mit Pepp kommentiert er das Renngeschehen. Ob beim Giro d \u00cctalia in M\u00fcnster, den Weltmeisterschaften in Stuttgart, bei deutschen Meisterschaften, in der Bundesliga oder bei kleineren Rundstreckenrennen, jeder h\u00f6rt ihm gerne zu und l\u00e4sst sich von ihm mitrei\u00dfen.<\/p><p><a class=\"more-link btn\" href=\"https:\/\/radsportbezirk-westfalen-mitte.de\/wordpress\/7593\/\">Weiterlesen<\/a><\/p>\n","protected":false},"author":1,"featured_media":7592,"comment_status":"closed","ping_status":"closed","sticky":false,"template":"","format":"standard","meta":{"footnotes":""},"categories":[32],"tags":[65,71,186,187],"class_list":["post-7593","post","type-post","status-publish","format-standard","has-post-thumbnail","hentry","category-vereine","tag-65","tag-rsv-unna","tag-hans-kuhn","tag-70-geburtstag","wp-image-borders","item-wrap"],"_links":{"self":[{"href":"https:\/\/radsportbezirk-westfalen-mitte.de\/wordpress\/wp-json\/wp\/v2\/posts\/7593","targetHints":{"allow":["GET"]}}],"collection":[{"href":"https:\/\/radsportbezirk-westfalen-mitte.de\/wordpress\/wp-json\/wp\/v2\/posts"}],"about":[{"href":"https:\/\/radsportbezirk-westfalen-mitte.de\/wordpress\/wp-json\/wp\/v2\/types\/post"}],"author":[{"embeddable":true,"href":"https:\/\/radsportbezirk-westfalen-mitte.de\/wordpress\/wp-json\/wp\/v2\/users\/1"}],"replies":[{"embeddable":true,"href":"https:\/\/radsportbezirk-westfalen-mitte.de\/wordpress\/wp-json\/wp\/v2\/comments?post=7593"}],"version-history":[{"count":3,"href":"https:\/\/radsportbezirk-westfalen-mitte.de\/wordpress\/wp-json\/wp\/v2\/posts\/7593\/revisions"}],"predecessor-version":[{"id":9298,"href":"https:\/\/radsportbezirk-westfalen-mitte.de\/wordpress\/wp-json\/wp\/v2\/posts\/7593\/revisions\/9298"}],"wp:featuredmedia":[{"embeddable":true,"href":"https:\/\/radsportbezirk-westfalen-mitte.de\/wordpress\/wp-json\/wp\/v2\/media\/7592"}],"wp:attachment":[{"href":"https:\/\/radsportbezirk-westfalen-mitte.de\/wordpress\/wp-json\/wp\/v2\/media?parent=7593"}],"wp:term":[{"taxonomy":"category","embeddable":true,"href":"https:\/\/radsportbezirk-westfalen-mitte.de\/wordpress\/wp-json\/wp\/v2\/categories?post=7593"},{"taxonomy":"post_tag","embeddable":true,"href":"https:\/\/radsportbezirk-westfalen-mitte.de\/wordpress\/wp-json\/wp\/v2\/tags?post=7593"}],"curies":[{"name":"wp","href":"https:\/\/api.w.org\/{rel}","templated":true}]}}