{"id":7568,"date":"2018-09-29T06:58:00","date_gmt":"2018-09-29T04:58:00","guid":{"rendered":"http:\/\/radsportbezirk-westfalen-mitte.de\/wordpress\/?p=7568"},"modified":"2019-03-09T11:30:12","modified_gmt":"2019-03-09T10:30:12","slug":"michel-hessmann-ackert-fuer-silbermedaille","status":"publish","type":"post","link":"https:\/\/radsportbezirk-westfalen-mitte.de\/wordpress\/7568\/","title":{"rendered":"Michel He\u00dfmann ackert f\u00fcr Silbermedaille"},"content":{"rendered":"<p>Es sollten die erwartet schweren 140 Kilometer im Rennen der Junioren werden.<\/p>\n<p><!--more--><\/p>\n<p>Bereits kurz nach dem Start in Kufstein, noch in der neutralisierten Phase, war das Fed sehr nerv\u00f6s. Immer wieder gab es St\u00fcrze. Das deutsche Nationalteam um Michel He\u00dfmann vom RSV Unna hatte alles darauf ausgerichtet, f\u00fcr Marius Mayerhofer zu fahren. Entsprechend f\u00fchrte das deutsche Nationalteam das Feld entlang des Inn an. Michel He\u00dfmann war es immer wieder, der auf den ersten 60 Kilometern vorne an der Spitze zu sehen war. Im Stile eines Zeitfahrers lag er mit den Unterarmen immer wieder auf dem Lenker, um so die gr\u00f6\u00dftm\u00f6gliche Aerodynamik erreichen zu k\u00f6nnen. Er sorgte damit immer wieder, zwischenzeitlich mal abgel\u00f6st von einem britischen, einem amerikanischen oder belgischen Fahrer, das es von Beginn an ein verdammt schnelles Rennen wurde.<\/p>\n<p>70 Kilometer vor dem Ziel ging es den ersten Berg hinauf zum Gnadenwald. Eine 2600m lange Passage mit Durchschnittlich 12%. Dort, wo Toni Martin am Mittwoch seine Chance auf Edelmetall verlor, musste auch Michel He\u00dfmann Meter um Meter rei\u00dfen lassen. Das war die Phase, in der sich der dt. Kapit\u00e4n Mayerhofer mit dem Italiener Piccolo absetzen konnte.<\/p>\n<p>Mit einer Energieleistung gelang es Michel He\u00dfmann dann aber wieder, den Anschluss in die erste Verfolgergruppe herzustellen. Mit 56 Sekunden R\u00fcckstand auf die beiden Spitzenfahrer \u00fcberfuhr er die erste Zielpassage in Innsbruck. Von hier aus ging es dann in die letzten beiden Schlussrunden mit dem 7,9 Kilometer langen Anstieg nach Igls. Die Belgier, um den gro\u00dfen Favoriten Evenepoel, machten hier dann richtig ernst. Sie zogen ein wahnsinniges Tempo auf. Das Feld dezimierte sich mehr und mehr. Die abgeh\u00e4ngten schienen pl\u00f6tzlich zu stehen. Auch Michel He\u00dfmann musste, gezeichnet von der gro\u00dfen Vorarbeit, die Spitze ziehen lassen.<\/p>\n<p align=\"center\"><img loading=\"lazy\" decoding=\"async\" class=\"aligncenter wp-image-7567\" style=\"border: 1px solid black;\" src=\"http:\/\/radsportbezirk-westfalen-mitte.de\/wordpress\/wp-content\/uploads\/2018\/09\/MichelHessmannWM.jpg\" alt=\"\" width=\"500\" height=\"436\" border=\"1\" srcset=\"https:\/\/radsportbezirk-westfalen-mitte.de\/wordpress\/wp-content\/uploads\/2018\/09\/MichelHessmannWM.jpg 1082w, https:\/\/radsportbezirk-westfalen-mitte.de\/wordpress\/wp-content\/uploads\/2018\/09\/MichelHessmannWM-300x261.jpg 300w, https:\/\/radsportbezirk-westfalen-mitte.de\/wordpress\/wp-content\/uploads\/2018\/09\/MichelHessmannWM-768x669.jpg 768w, https:\/\/radsportbezirk-westfalen-mitte.de\/wordpress\/wp-content\/uploads\/2018\/09\/MichelHessmannWM-1024x892.jpg 1024w\" sizes=\"auto, (max-width: 500px) 100vw, 500px\" \/><\/p>\n<p>Am Ende kam er gl\u00fccklich aber ersch\u00f6pft als 27. ins Ziel. \u201eEs war eine tolle Woche hier in \u00d6sterreich. Ich habe ja schon viel erlebt, dass hat aber alles noch einmal in den Schatten gestellt. Super vor allen Dingen, dass sich die Arbeit heute gelohnt hat. Marius Meyerhofer ist ein starkes Rennen gefahren und hat zurecht die Silbermedaille gewonnen. Ich glaube, auch wenn wir nach der Anstrengung alle v\u00f6llig fertig sind, dass wir heute ein wenig feiern werden.\u201c<\/p>\n<p>&nbsp;<\/p>\n<p>&nbsp;<\/p>\n<p>&nbsp;<\/p>\n<p>&nbsp;<\/p>\n<p>&nbsp;<\/p>\n<h2 align=\"center\"><strong><em>Text und Foto: RSV Unna<\/em><\/strong><\/h2>\n<p>&nbsp;<\/p>\n<p>&nbsp;<\/p>\n<p>&nbsp;<\/p>\n<p>&nbsp;<\/p>\n<p>&nbsp;<\/p>\n","protected":false},"excerpt":{"rendered":"<p>Es sollten die erwartet schweren 140 Kilometer im Rennen der Junioren werden.<\/p><p><a class=\"more-link btn\" href=\"https:\/\/radsportbezirk-westfalen-mitte.de\/wordpress\/7568\/\">Weiterlesen<\/a><\/p>\n","protected":false},"author":1,"featured_media":7567,"comment_status":"closed","ping_status":"closed","sticky":false,"template":"","format":"standard","meta":{"footnotes":""},"categories":[28],"tags":[65,71,220,221],"class_list":["post-7568","post","type-post","status-publish","format-standard","has-post-thumbnail","hentry","category-strassenrennsport","tag-65","tag-rsv-unna","tag-michel-hessmann","tag-wm","wp-image-borders","item-wrap"],"_links":{"self":[{"href":"https:\/\/radsportbezirk-westfalen-mitte.de\/wordpress\/wp-json\/wp\/v2\/posts\/7568","targetHints":{"allow":["GET"]}}],"collection":[{"href":"https:\/\/radsportbezirk-westfalen-mitte.de\/wordpress\/wp-json\/wp\/v2\/posts"}],"about":[{"href":"https:\/\/radsportbezirk-westfalen-mitte.de\/wordpress\/wp-json\/wp\/v2\/types\/post"}],"author":[{"embeddable":true,"href":"https:\/\/radsportbezirk-westfalen-mitte.de\/wordpress\/wp-json\/wp\/v2\/users\/1"}],"replies":[{"embeddable":true,"href":"https:\/\/radsportbezirk-westfalen-mitte.de\/wordpress\/wp-json\/wp\/v2\/comments?post=7568"}],"version-history":[{"count":2,"href":"https:\/\/radsportbezirk-westfalen-mitte.de\/wordpress\/wp-json\/wp\/v2\/posts\/7568\/revisions"}],"predecessor-version":[{"id":9335,"href":"https:\/\/radsportbezirk-westfalen-mitte.de\/wordpress\/wp-json\/wp\/v2\/posts\/7568\/revisions\/9335"}],"wp:featuredmedia":[{"embeddable":true,"href":"https:\/\/radsportbezirk-westfalen-mitte.de\/wordpress\/wp-json\/wp\/v2\/media\/7567"}],"wp:attachment":[{"href":"https:\/\/radsportbezirk-westfalen-mitte.de\/wordpress\/wp-json\/wp\/v2\/media?parent=7568"}],"wp:term":[{"taxonomy":"category","embeddable":true,"href":"https:\/\/radsportbezirk-westfalen-mitte.de\/wordpress\/wp-json\/wp\/v2\/categories?post=7568"},{"taxonomy":"post_tag","embeddable":true,"href":"https:\/\/radsportbezirk-westfalen-mitte.de\/wordpress\/wp-json\/wp\/v2\/tags?post=7568"}],"curies":[{"name":"wp","href":"https:\/\/api.w.org\/{rel}","templated":true}]}}