{"id":7557,"date":"2018-09-18T07:41:12","date_gmt":"2018-09-18T05:41:12","guid":{"rendered":"http:\/\/radsportbezirk-westfalen-mitte.de\/wordpress\/?p=7557"},"modified":"2019-03-11T08:57:23","modified_gmt":"2019-03-11T07:57:23","slug":"triathlon-feeling-pur-in-der-main-metropole","status":"publish","type":"post","link":"https:\/\/radsportbezirk-westfalen-mitte.de\/wordpress\/7557\/","title":{"rendered":"Triathlon Feeling pur in der Main Metropole"},"content":{"rendered":"<p>Drei Triathleten des RSV Osthelden waren jetzt beim City Triathlon Frankfurt als Staffel am Start &#8211; und das schon zum zweiten Mal.<\/p>\n<p><!--more--><\/p>\n<p>Nach der Premiere 2016 auf der olympischen Distanz galt es diesmal die Mitteldistanz mit 2 km Schwimmen, 80 km Radfahren und 20 km Laufen zu finishen. Am Morgen ging es schon fr\u00fch zum Langener Waldsee, wo Benjamin Klappert um 6:30 Uhr in einer der ersten Startgruppen den Wettkampf begann. Abgel\u00f6st wurde er von Reiner Bordihn, der auf den vier zu absolvierenden Radrunden vereinzelt mit Gegenwind zu k\u00e4mpfen hatte. Der Wechsel zur dritten Disziplin erfolgte im Stadtzentrum, wo Sonja Weber rund um die Zeil die Laufstrecke \u201eunter die F\u00fc\u00dfe\u201c nahm. Bei insgesamt guten Wettkampfbedingungen und einer perfekten Triathlon Stimmung waren die Starter mit dem Ergebnis sehr zufrieden. Swim: 00:41:40 &#8211; Bike: 02:23:13 \u2013 Run: 02:01:00.<\/p>\n<p>\u201eEs ist super gelaufen, die Organisation des Wettkampfs hat gepasst, zudem hatten wir gute Unterst\u00fctzung vor Ort \u2013 hat echt Spa\u00df gemacht\u201c, so Petra Weber kurz nach dem gemeinsamen Zieleinlauf mit Reiner Bordihn und Benjamin Klappert. Mit einer Gesamtzeit von 05:12:39 wurde Platz 17 der Staffelwertung erreicht.<\/p>\n<p align=\"center\"><img loading=\"lazy\" decoding=\"async\" class=\"wp-image-7556 aligncenter\" style=\"border: 1px solid black;\" src=\"http:\/\/radsportbezirk-westfalen-mitte.de\/wordpress\/wp-content\/uploads\/2018\/09\/RSV-120918.jpg\" alt=\"\" width=\"426\" height=\"500\" border=\"1\" srcset=\"https:\/\/radsportbezirk-westfalen-mitte.de\/wordpress\/wp-content\/uploads\/2018\/09\/RSV-120918.jpg 2116w, https:\/\/radsportbezirk-westfalen-mitte.de\/wordpress\/wp-content\/uploads\/2018\/09\/RSV-120918-256x300.jpg 256w, https:\/\/radsportbezirk-westfalen-mitte.de\/wordpress\/wp-content\/uploads\/2018\/09\/RSV-120918-768x902.jpg 768w, https:\/\/radsportbezirk-westfalen-mitte.de\/wordpress\/wp-content\/uploads\/2018\/09\/RSV-120918-872x1024.jpg 872w, https:\/\/radsportbezirk-westfalen-mitte.de\/wordpress\/wp-content\/uploads\/2018\/09\/RSV-120918-1568x1841.jpg 1568w\" sizes=\"auto, (max-width: 426px) 100vw, 426px\" \/><br \/>\n<em>Gemeinsamer Zieleinlauf v.l. Reiner Bordihn, Petra K\u00f6lsch, Benjamin Klappert<\/em><\/p>\n<p>&nbsp;<\/p>\n<p>&nbsp;<\/p>\n<p>&nbsp;<\/p>\n<p>&nbsp;<\/p>\n<p>&nbsp;<\/p>\n<h2 align=\"center\"><strong><em>Text und Foto: RSV Osthelden<\/em><\/strong><\/h2>\n<p>&nbsp;<\/p>\n<p>&nbsp;<\/p>\n<p>&nbsp;<\/p>\n<p>&nbsp;<\/p>\n<p>&nbsp;<\/p>\n","protected":false},"excerpt":{"rendered":"<p>Drei Triathleten des RSV Osthelden waren jetzt beim City Triathlon Frankfurt als Staffel am Start &#8211; und das schon zum zweiten Mal.<\/p><p><a class=\"more-link btn\" href=\"https:\/\/radsportbezirk-westfalen-mitte.de\/wordpress\/7557\/\">Weiterlesen<\/a><\/p>\n","protected":false},"author":1,"featured_media":7556,"comment_status":"closed","ping_status":"closed","sticky":false,"template":"","format":"standard","meta":{"footnotes":""},"categories":[49],"tags":[65,171,231,232,233],"class_list":["post-7557","post","type-post","status-publish","format-standard","has-post-thumbnail","hentry","category-triathlon","tag-65","tag-rsv-osthelden","tag-city-triathlon","tag-frankfurt","tag-staffel","wp-image-borders","item-wrap"],"_links":{"self":[{"href":"https:\/\/radsportbezirk-westfalen-mitte.de\/wordpress\/wp-json\/wp\/v2\/posts\/7557","targetHints":{"allow":["GET"]}}],"collection":[{"href":"https:\/\/radsportbezirk-westfalen-mitte.de\/wordpress\/wp-json\/wp\/v2\/posts"}],"about":[{"href":"https:\/\/radsportbezirk-westfalen-mitte.de\/wordpress\/wp-json\/wp\/v2\/types\/post"}],"author":[{"embeddable":true,"href":"https:\/\/radsportbezirk-westfalen-mitte.de\/wordpress\/wp-json\/wp\/v2\/users\/1"}],"replies":[{"embeddable":true,"href":"https:\/\/radsportbezirk-westfalen-mitte.de\/wordpress\/wp-json\/wp\/v2\/comments?post=7557"}],"version-history":[{"count":2,"href":"https:\/\/radsportbezirk-westfalen-mitte.de\/wordpress\/wp-json\/wp\/v2\/posts\/7557\/revisions"}],"predecessor-version":[{"id":9347,"href":"https:\/\/radsportbezirk-westfalen-mitte.de\/wordpress\/wp-json\/wp\/v2\/posts\/7557\/revisions\/9347"}],"wp:featuredmedia":[{"embeddable":true,"href":"https:\/\/radsportbezirk-westfalen-mitte.de\/wordpress\/wp-json\/wp\/v2\/media\/7556"}],"wp:attachment":[{"href":"https:\/\/radsportbezirk-westfalen-mitte.de\/wordpress\/wp-json\/wp\/v2\/media?parent=7557"}],"wp:term":[{"taxonomy":"category","embeddable":true,"href":"https:\/\/radsportbezirk-westfalen-mitte.de\/wordpress\/wp-json\/wp\/v2\/categories?post=7557"},{"taxonomy":"post_tag","embeddable":true,"href":"https:\/\/radsportbezirk-westfalen-mitte.de\/wordpress\/wp-json\/wp\/v2\/tags?post=7557"}],"curies":[{"name":"wp","href":"https:\/\/api.w.org\/{rel}","templated":true}]}}