{"id":7539,"date":"2018-08-24T07:21:28","date_gmt":"2018-08-24T05:21:28","guid":{"rendered":"http:\/\/radsportbezirk-westfalen-mitte.de\/wordpress\/?p=7539"},"modified":"2019-03-11T09:31:18","modified_gmt":"2019-03-11T08:31:18","slug":"rsv-fahrer-dominieren-stollberger-renntag","status":"publish","type":"post","link":"https:\/\/radsportbezirk-westfalen-mitte.de\/wordpress\/7539\/","title":{"rendered":"RSV Fahrer dominieren Stollberger Renntag"},"content":{"rendered":"<p>Wo immer sie am Start standen, einer kam immer aufs Podest. Justin Wolf, Aaron Grosser (Team Sauerland NRW) und Colin Plich, sie mischten in ihren vier Rennen stets vorne mit.<\/p>\n<p><!--more--><\/p>\n<p>60 Runden a 1,2 Kilometer waren auf dem Rundkurs in Stollberg bei der Elite zu fahren. Es wurde ein verdammt schnelles Rennen. Selbst Rennleiter Markus Ganser konnte sich an kein Rennen erinnern, das jemals schneller gefahren wurde.<\/p>\n<p>Es fing wie erwartet schon schnell an. Die Profiteams Lotto-Kernhaus und Sauerland NRW um <strong>Aaron Grosser<\/strong> dr\u00fcckten von Beginn aufs Tempo. Sie wollten das Feld schnell verkleinern. In der 13. Runde war es <strong>Justin Wolf<\/strong> dann wohl immer noch nicht schnell genug. \u201eIch habe gesehen wie <strong>Justin<\/strong> antrat und ihm keiner folgen konnte. Ich war in dem Moment leider zu weit hinten\u201c, so <strong>Aaron Grosser<\/strong> zur Leistung seines Vereinskollegen. <strong>Justin Wolf<\/strong> konnte sich schnell l\u00f6sen und schaffte nach 29 Runden, oder anders ausgedr\u00fcckt nach 35 Kilometer Alleinfahrt, den Anschluss ans Feld. Der Sieg war ihm auf den letzten 18 Runden nicht mehr zu nehmen. \u201eEs war ein gutes Gef\u00fchl, nicht mehr im Sprint reinhalten zu m\u00fcssen. Das sah im Finale schon sehr eng aus\u201c, so <strong>Wolf<\/strong> nach dem Rennen. \u201eIch habe am Anfang schon gemerkt, dass ich gute Beine hatte. Da musste ich einfach versuchen wegzukommen. Das mir keiner folgen konnte hat mich dann aber doch gewundert.\u201c Am Ende war klar was Ganser mit \u201eschnellstes Rennen\u201c gemeint hatte. <strong>Justin Wolf<\/strong> fuhr die 72 Kilometer in 1:28 Stunden oder umgerechnet mit einem Durchschnitt von 49 Km\/h.<\/p>\n<p><strong>Aaron Grosser<\/strong> kam im Finale auf Platz 5. Dabei merkte er, dass er zuvor schon die Temporunde gewonnen hatte und im Derny-Rennen auf Platz 3 gefahren war.<\/p>\n<p><strong>Colin Plich<\/strong> vertrat das <strong>Stadtwerke Team Unna<\/strong> in der U13 Klasse. Auch hier sollte es schnell werden. Immer wieder waren es Fahrer aus dem \u00e4lteren Jahrgang, die attackierten und so das Rennen schwer machten. <strong>Colin<\/strong> gelang es, die entstandenen L\u00fccken immer wieder zu schlie\u00dfen. Bei einem Pr\u00e4miensprint trat er erfolgreich in die Pedale und konnte so sein Taschengeldkonto aufbessern. Am Ende sprintete der <strong>\u201eKleine-Cavendish\u201c<\/strong> als Dritter aufs Treppchen.<\/p>\n<p>Das sollte f\u00fcr ihn an diesem Wochenende nicht alles sein. Bei insgesamt drei Rennen ging er an den Start. Alle drei Rennen beendete er im Spurt auf dem dritten Platz und durfte so bei der Siegerehrung jeweils aufs Treppchen springen. In seinem ersten Rennjahr hat er es geschafft, der beste Fahrer seines Jahrgangs in NRW zu sein.<\/p>\n<p>&nbsp;<\/p>\n<p style=\"text-align: center;\"><img loading=\"lazy\" decoding=\"async\" class=\"aligncenter wp-image-7535\" style=\"border: 1px solid black;\" src=\"http:\/\/radsportbezirk-westfalen-mitte.de\/wordpress\/wp-content\/uploads\/2018\/08\/IMG-20180817-WA0003.jpg\" alt=\"\" width=\"281\" height=\"500\" border=\"1\" srcset=\"https:\/\/radsportbezirk-westfalen-mitte.de\/wordpress\/wp-content\/uploads\/2018\/08\/IMG-20180817-WA0003.jpg 467w, https:\/\/radsportbezirk-westfalen-mitte.de\/wordpress\/wp-content\/uploads\/2018\/08\/IMG-20180817-WA0003-169x300.jpg 169w\" sizes=\"auto, (max-width: 281px) 100vw, 281px\" \/><\/p>\n<p style=\"text-align: center;\"><img loading=\"lazy\" decoding=\"async\" class=\"aligncenter wp-image-7536\" style=\"border: 1px solid black;\" src=\"http:\/\/radsportbezirk-westfalen-mitte.de\/wordpress\/wp-content\/uploads\/2018\/08\/IMG-20180817-WA0004.jpg\" alt=\"\" width=\"281\" height=\"500\" border=\"1\" srcset=\"https:\/\/radsportbezirk-westfalen-mitte.de\/wordpress\/wp-content\/uploads\/2018\/08\/IMG-20180817-WA0004.jpg 381w, https:\/\/radsportbezirk-westfalen-mitte.de\/wordpress\/wp-content\/uploads\/2018\/08\/IMG-20180817-WA0004-169x300.jpg 169w\" sizes=\"auto, (max-width: 281px) 100vw, 281px\" \/><\/p>\n<p style=\"text-align: center;\"><img loading=\"lazy\" decoding=\"async\" class=\"aligncenter wp-image-7537\" style=\"border: 1px solid black;\" src=\"http:\/\/radsportbezirk-westfalen-mitte.de\/wordpress\/wp-content\/uploads\/2018\/08\/IMG-20180817-WA0006.jpg\" alt=\"\" width=\"281\" height=\"500\" border=\"1\" srcset=\"https:\/\/radsportbezirk-westfalen-mitte.de\/wordpress\/wp-content\/uploads\/2018\/08\/IMG-20180817-WA0006.jpg 239w, https:\/\/radsportbezirk-westfalen-mitte.de\/wordpress\/wp-content\/uploads\/2018\/08\/IMG-20180817-WA0006-168x300.jpg 168w\" sizes=\"auto, (max-width: 281px) 100vw, 281px\" \/><\/p>\n<p style=\"text-align: center;\"><img loading=\"lazy\" decoding=\"async\" class=\"aligncenter wp-image-7538\" style=\"border: 1px solid black;\" src=\"http:\/\/radsportbezirk-westfalen-mitte.de\/wordpress\/wp-content\/uploads\/2018\/08\/IMG-20180818-WA0002.jpg\" alt=\"\" width=\"281\" height=\"500\" border=\"1\" srcset=\"https:\/\/radsportbezirk-westfalen-mitte.de\/wordpress\/wp-content\/uploads\/2018\/08\/IMG-20180818-WA0002.jpg 447w, https:\/\/radsportbezirk-westfalen-mitte.de\/wordpress\/wp-content\/uploads\/2018\/08\/IMG-20180818-WA0002-168x300.jpg 168w\" sizes=\"auto, (max-width: 281px) 100vw, 281px\" \/><\/p>\n<p>&nbsp;<\/p>\n<p>&nbsp;<\/p>\n<p>&nbsp;<\/p>\n<p>&nbsp;<\/p>\n<p>&nbsp;<\/p>\n<h2 align=\"center\"><strong><em>Text: RSV Unna<br \/>\nFotos: Die Fotos sind privat erstellt. Die Rechte liegen vor.<\/em><\/strong><\/h2>\n<p>&nbsp;<\/p>\n<p>&nbsp;<\/p>\n<p>&nbsp;<\/p>\n<p>&nbsp;<\/p>\n<p>&nbsp;<\/p>\n","protected":false},"excerpt":{"rendered":"<p>Wo immer sie am Start standen, einer kam immer aufs Podest. Justin Wolf, Aaron Grosser (Team Sauerland NRW) und Colin Plich, sie mischten in ihren vier Rennen stets vorne mit.<\/p><p><a class=\"more-link btn\" href=\"https:\/\/radsportbezirk-westfalen-mitte.de\/wordpress\/7539\/\">Weiterlesen<\/a><\/p>\n","protected":false},"author":1,"featured_media":0,"comment_status":"closed","ping_status":"closed","sticky":false,"template":"","format":"standard","meta":{"footnotes":""},"categories":[28],"tags":[71,210,239,254,255,65],"class_list":["post-7539","post","type-post","status-publish","format-standard","hentry","category-strassenrennsport","tag-rsv-unna","tag-justin-wolf","tag-colin-plich","tag-stollberger-renntage","tag-aaron-grosser","tag-65","wp-image-borders","item-wrap"],"_links":{"self":[{"href":"https:\/\/radsportbezirk-westfalen-mitte.de\/wordpress\/wp-json\/wp\/v2\/posts\/7539","targetHints":{"allow":["GET"]}}],"collection":[{"href":"https:\/\/radsportbezirk-westfalen-mitte.de\/wordpress\/wp-json\/wp\/v2\/posts"}],"about":[{"href":"https:\/\/radsportbezirk-westfalen-mitte.de\/wordpress\/wp-json\/wp\/v2\/types\/post"}],"author":[{"embeddable":true,"href":"https:\/\/radsportbezirk-westfalen-mitte.de\/wordpress\/wp-json\/wp\/v2\/users\/1"}],"replies":[{"embeddable":true,"href":"https:\/\/radsportbezirk-westfalen-mitte.de\/wordpress\/wp-json\/wp\/v2\/comments?post=7539"}],"version-history":[{"count":2,"href":"https:\/\/radsportbezirk-westfalen-mitte.de\/wordpress\/wp-json\/wp\/v2\/posts\/7539\/revisions"}],"predecessor-version":[{"id":9361,"href":"https:\/\/radsportbezirk-westfalen-mitte.de\/wordpress\/wp-json\/wp\/v2\/posts\/7539\/revisions\/9361"}],"wp:attachment":[{"href":"https:\/\/radsportbezirk-westfalen-mitte.de\/wordpress\/wp-json\/wp\/v2\/media?parent=7539"}],"wp:term":[{"taxonomy":"category","embeddable":true,"href":"https:\/\/radsportbezirk-westfalen-mitte.de\/wordpress\/wp-json\/wp\/v2\/categories?post=7539"},{"taxonomy":"post_tag","embeddable":true,"href":"https:\/\/radsportbezirk-westfalen-mitte.de\/wordpress\/wp-json\/wp\/v2\/tags?post=7539"}],"curies":[{"name":"wp","href":"https:\/\/api.w.org\/{rel}","templated":true}]}}