{"id":7439,"date":"2018-03-28T09:17:50","date_gmt":"2018-03-28T07:17:50","guid":{"rendered":"http:\/\/radsportbezirk-westfalen-mitte.de\/wordpress\/?p=7439"},"modified":"2019-03-11T12:31:21","modified_gmt":"2019-03-11T11:31:21","slug":"5-cross-duathlon-challenge-huensborn-2-be-wild-pressegespraech","status":"publish","type":"post","link":"https:\/\/radsportbezirk-westfalen-mitte.de\/wordpress\/7439\/","title":{"rendered":"5. Cross-Duathlon-Challenge \u201eH\u00fcnsborn 2 be wild\u201c (Pressegespr\u00e4ch)"},"content":{"rendered":"<p>Nach bereits vier sehr erfolgreichen Veranstaltungen der H\u00fcnsborner Cross-Duathlon Challenge, geht der RSV Osthelden nun in die f\u00fcnfte Runde. Am 08.04.2018 wird es wieder wild und hoffentlich auch richtig schlammig.<\/p>\n<p><!--more--><\/p>\n<p style=\"text-align: center;\"><img loading=\"lazy\" decoding=\"async\" class=\"aligncenter wp-image-7438\" style=\"border: 1px solid black;\" src=\"http:\/\/radsportbezirk-westfalen-mitte.de\/wordpress\/wp-content\/uploads\/2018\/03\/2018-03-27-JJu-PG-Handout.JPG\" alt=\"\" width=\"500\" height=\"333\" border=\"1\" srcset=\"https:\/\/radsportbezirk-westfalen-mitte.de\/wordpress\/wp-content\/uploads\/2018\/03\/2018-03-27-JJu-PG-Handout.JPG 3888w, https:\/\/radsportbezirk-westfalen-mitte.de\/wordpress\/wp-content\/uploads\/2018\/03\/2018-03-27-JJu-PG-Handout-300x200.jpg 300w, https:\/\/radsportbezirk-westfalen-mitte.de\/wordpress\/wp-content\/uploads\/2018\/03\/2018-03-27-JJu-PG-Handout-768x512.jpg 768w, https:\/\/radsportbezirk-westfalen-mitte.de\/wordpress\/wp-content\/uploads\/2018\/03\/2018-03-27-JJu-PG-Handout-1024x683.jpg 1024w, https:\/\/radsportbezirk-westfalen-mitte.de\/wordpress\/wp-content\/uploads\/2018\/03\/2018-03-27-JJu-PG-Handout-1568x1045.jpg 1568w\" sizes=\"auto, (max-width: 500px) 100vw, 500px\" \/><\/p>\n<p>Nach einer im vergangenen Jahr recht fr\u00fchen Veranstaltung im M\u00e4rz, haben wir es f\u00fcr die n\u00e4chsten Jahre geschafft, immer einen Termin um Ostern, jeweils im April zu sichern. Die vielen Nachfragen und Bedenken unserer ausdauerverr\u00fcckten Dauerstarter, nur nicht zu fr\u00fch eine solche Veranstaltung durchzuf\u00fchren, konnten wir damit beruhigen. Dennoch hat auch dieser Winter uns gezeigt, dass ein gezieltes Ausdauertraining derzeit nur bedingt auszuf\u00fchren war. Aber da alle diesj\u00e4hrigen Starter das gleiche Problem haben, sollte es auch mit etwas weniger Training zu ordentlichen Leistungen reichen.<\/p>\n<p>Insgesamt haben wir in den letzten Jahren festgestellt, dass im Breitensportbereich eine deutlichere Leistungsbereitschaft entwickelt wurde. Vom anf\u00e4nglichen, z\u00f6gerlichen \u201esoll ich das wirklich mal versuchen\u201c war in den letzten Jahren eine wesentlich bessere Fitness der Finisher zu erkennen, denn alle Zeiten der Wiederholungst\u00e4ter haben sich verbessert. Hier kann man deutlich erkennen das viele mit einer ganz anderen Zielsetzung an den Start gegangen sind.<\/p>\n<p>Die Strecken sind mit denen des Vorjahres unver\u00e4ndert geblieben. Fr\u00fcheres Ziel war und ist, ein Angebot an m\u00f6glichen Strecken und Distanzen zu pr\u00e4sentieren, in dem alle Ausdauersportler der Region und \u00fcber die Grenzen hinaus, einen Wettkampf melden k\u00f6nnen, der sowohl als Einstieg in diesen Sport \u00fcber die Jedermann-Distanz als Staffel- oder Einzelstarter erfolgt.<\/p>\n<p>Weiterhin bieten wir wieder eine Kurzstrecke an, f\u00fcr die der Sportler doch deutlich mehr Trainingsaufwand betreiben sollte um weiterhin auch Spa\u00df an der gesunden Bewegung zu haben. Dar\u00fcber hinaus gibt es viele Ausdauerathleten, die diesen Sport schon sehr ambitioniert betreiben, sich h\u00f6here Ziele gesteckt haben und vielleicht auch auf l\u00e4ngere Distanzen einmal aktiv werden wollen.<\/p>\n<p>Da die Ostheldener sich in ihrer Satzung aktive Jugendarbeit auf die Fahne geschrieben haben und diese dem RSV sehr am Herzen liegt, die Jugend und Sch\u00fcler mit in eine solche Veranstaltung einzubinden, m\u00f6chten wir diese Starterfelder f\u00fcllen und mit einem besonderen Anreiz um Meldungen werben:<\/p>\n<ol>\n<li style=\"list-style-type: none;\">\n<ol>\n<li style=\"list-style-type: none;\">\n<ol>\n<li><strong>Kein Startgeld f\u00fcr Jugend A+B, sowie Sch\u00fcler A+B<\/strong><\/li>\n<li><strong>Streckenk\u00fcrzung f\u00fcr unsere j\u00fcngsten Starter, den Sch\u00fclern \u201eB\u201c<\/strong><\/li>\n<\/ol>\n<\/li>\n<\/ol>\n<\/li>\n<\/ol>\n<p>Wie bereits erstmalig im letzten Jahr durchgef\u00fchrt, haben wir f\u00fcr die Sch\u00fcler \u201eB\u201c die Streckenl\u00e4nge des 1. Laufes deutlich verk\u00fcrzt. Hier stand im Vordergrund, einer \u00dcberforderung der doch recht jungen Starter [10 Jahre] entgegenzuwirken und den Spa\u00df an der Bewegung der jungen Menschen im Fokus zu haben.<\/p>\n<p>Bereits im letzten zwei Jahren konnten wir \u00fcber 50 Athleten der Jugend und Sch\u00fclerklassen im Ziel begr\u00fc\u00dfen und hoffen nat\u00fcrlich durch ausreichende Berichterstattung auf einen neuen Teilnehmerrekord dieser Altersklassen.<\/p>\n<p>Alle anderen Strecken bleiben bei der 5.Auflage unver\u00e4ndert. Der Start der Kurzdistanz (Einzel und Staffelstarter) ist um vormittags 10:00 Uhr angesetzt.<\/p>\n<p>F\u00fcnf Minuten sp\u00e4ter sind die Jederm\u00e4nner und Jederfrauen am Start. Auch hier sind Staffeln und Einzelstarter gemeldet und in gro\u00dfer Anzahl an der Startlinie. Der Anreiz eine Staffel zu stellen h\u00e4lt unvermindert an. Meist ist es der Einstieg zu einem sp\u00e4teren Einzelstart, um sich zu beweisen, diese Strecken auch alleine zu bewerkstelligen. Seit zwei Jahren wird die Jedermann-Staffel ausgeschrieben und die Teilnehmerzahlen steigen jedes Jahr an. Es scheint wirklich zu funktionieren, die Ausdauersportler zu infizieren.<\/p>\n<p>Wie in den Jahren zuvor k\u00f6nnen wir erkennen, dass die gemeldeten Sportler nicht nur aus dem heimischen Raum dabei sind. Anmeldungen aus ganz NRW und aus den angrenzenden Bundesl\u00e4ndern, sowie \u00fcber diese Grenzen hinaus finden sich in unseren Starterlisten.<\/p>\n<p>Wir w\u00fcrden uns freuen wiederum viele Ausdauerathleten aus allen Bereichen begr\u00fc\u00dfen zu k\u00f6nnen. Ob als reiner Rennradsportler, als Mountainbiker oder L\u00e4ufer, Tri- oder Duathlet, alle kommen hier auf ihre Kosten. Es ist gar nicht so verkehrt, auch mal eine andere Sportart auszuf\u00fchren. Dies hat meistens den positiven Effekt, dass andere Muskelgruppen aktiviert werden und sich dadurch das gesamte Leistungsbild verbessert.<\/p>\n<p>Auch mit unserer 5. Veranstaltung werden wir Teil der Kreismeisterschaften des Kreises Siegen \u2013 Wittgensteins sein. Nach unserer Veranstaltung am 08.04. folgt im Mai wieder der begehrte Buschh\u00fctten Triathlon. Nach einem Jahr der Pause und des \u201eLuft holens\u201c, haben die Buschh\u00fctter am 06.05.18 wieder in alt bew\u00e4hrter Form die beliebten Strecken der Kurz- und Jedermann-Distanz im Programm. Am Sonntag den 29.07.2018 steht dann wieder ganz M\u00fcsen Kopf. Hier wird zum 27. Male rund um das M\u00fcsener Freibad um Ruhm und Ehren gek\u00e4mpft.<\/p>\n<p>Alle drei Wettbewerbe kommen in die Wertung und im Oktober werden die \/ der Kreismeister durch die Volksbank Siegen gek\u00fcrt. Der genaue Termin wird noch fr\u00fchzeitig bekannt gegeben.<\/p>\n<p>Die Starterfelder sind wiederum im Vergleich zum Vorjahr bereits jetzt schon deutlich besser gef\u00fcllt. Der RSV hofft dieses Jahr wieder 350 Starter nach H\u00fcnsborn zu bekommen. Viele Teilnehmer aus den Vorjahren 2014 bis 2017 haben bereits gemeldet. Etliche \u201eErstt\u00e4ter\u201c tauchen zus\u00e4tzlich in den Meldelisten auf. Starter aus der Duathlon-Hochburg Netphen, dem EJOT Team TV Buschh\u00fctten und dem RSV Osthelden, allesamt schon bei den Deutschen Duathlon Meisterschaften am Start, werden auch hier um Ruhm und Ehre k\u00e4mpfen.<\/p>\n<p>Wir erwarten nat\u00fcrlich auch auf die Meldungen der Titelverteidiger. Allen voran auf der Jedermann-Strecke Marco Hoffmann vom EJOT-TEAM. Auf der Kurzstrecke hoffen wir wieder auf einen hei\u00dfen Fight des b\u00e4renstarken Gewinners Matthias Frohn aus Schleiden, dem Neu-Buschh\u00fcttener Lars Erik Fricke und dem Lokalmatadoren und Gewinner 2016, Tobias Lautwein. Aber vielleicht kristallisiert sich ja auch ein ganz neuer Name in dieser tollen Sportart und stellt alle anderen in seinen Schatten\u2026<\/p>\n<p>Unsere Zuschauerspots beim Anstieg aus Oberhees oder hinauf zum Sender, sowie der ber\u00fcchtigte \u201eScharfrichter Hellers Hill\u201c werden hoffentlich wieder stark mit Zuschauern belegt sein, um die Sportler \u00fcber diese H\u00fcrden zu treiben.<\/p>\n<p>Wir hoffen alle auf einen wunderbaren sportlichen Sonntag, mit Traumwetter, vielen Zuschauern, auf einer sch\u00f6nen schweren schlammigen Strecke.<\/p>\n<p>Sport mit hohem Unterhaltungswert, auf einem hohen Ausdauer Niveau.<\/p>\n<p>Sport live zum Anfassen und mit Fiebern.<\/p>\n<p>Vielleicht wird der eine oder andere auch infiziert.<\/p>\n<p>&nbsp;<\/p>\n<p style=\"padding-left: 40px;\"><em><a href=\"http:\/\/h2bw.de\/\" target=\"blank\" rel=\"noopener noreferrer\">http:\/\/h2bw.de\/<\/a><\/em><br \/>\n<em><a href=\"https:\/\/www.facebook.com\/HuensbornToBeWild\/\" target=\"blank\" rel=\"noopener noreferrer\">https:\/\/www.facebook.com\/HuensbornToBeWild\/<\/a><\/em><\/p>\n<p style=\"padding-left: 40px;\"><a href=\"http:\/\/rsvosthelden.de\/\" target=\"blank\" rel=\"noopener noreferrer\"><em>http:\/\/rsvosthelden.de\/<\/em><\/a><\/p>\n<p><strong><em>\u00a0<\/em><\/strong><\/p>\n<p>&nbsp;<\/p>\n<p><strong>Eckhard Haub<\/strong><br \/>\n<em>Vorsitzender<\/em><\/p>\n<p>&nbsp;<\/p>\n<p>&nbsp;<\/p>\n<p>&nbsp;<\/p>\n<p>&nbsp;<\/p>\n","protected":false},"excerpt":{"rendered":"<p>Nach bereits vier sehr erfolgreichen Veranstaltungen der H\u00fcnsborner Cross-Duathlon Challenge, geht der RSV Osthelden nun in die f\u00fcnfte Runde. Am 08.04.2018 wird es wieder wild und hoffentlich auch richtig schlammig.<\/p><p><a class=\"more-link btn\" href=\"https:\/\/radsportbezirk-westfalen-mitte.de\/wordpress\/7439\/\">Weiterlesen<\/a><\/p>\n","protected":false},"author":1,"featured_media":0,"comment_status":"closed","ping_status":"closed","sticky":false,"template":"","format":"standard","meta":{"footnotes":""},"categories":[48],"tags":[65,171,189,190,191,318,326],"class_list":["post-7439","post","type-post","status-publish","format-standard","hentry","category-cross-querfeldeinrennen","tag-65","tag-rsv-osthelden","tag-huensborn","tag-h2bw","tag-pressegespraech","tag-cross-duathlon","tag-huensborn-2-be-wild","wp-image-borders","item-wrap"],"_links":{"self":[{"href":"https:\/\/radsportbezirk-westfalen-mitte.de\/wordpress\/wp-json\/wp\/v2\/posts\/7439","targetHints":{"allow":["GET"]}}],"collection":[{"href":"https:\/\/radsportbezirk-westfalen-mitte.de\/wordpress\/wp-json\/wp\/v2\/posts"}],"about":[{"href":"https:\/\/radsportbezirk-westfalen-mitte.de\/wordpress\/wp-json\/wp\/v2\/types\/post"}],"author":[{"embeddable":true,"href":"https:\/\/radsportbezirk-westfalen-mitte.de\/wordpress\/wp-json\/wp\/v2\/users\/1"}],"replies":[{"embeddable":true,"href":"https:\/\/radsportbezirk-westfalen-mitte.de\/wordpress\/wp-json\/wp\/v2\/comments?post=7439"}],"version-history":[{"count":2,"href":"https:\/\/radsportbezirk-westfalen-mitte.de\/wordpress\/wp-json\/wp\/v2\/posts\/7439\/revisions"}],"predecessor-version":[{"id":9443,"href":"https:\/\/radsportbezirk-westfalen-mitte.de\/wordpress\/wp-json\/wp\/v2\/posts\/7439\/revisions\/9443"}],"wp:attachment":[{"href":"https:\/\/radsportbezirk-westfalen-mitte.de\/wordpress\/wp-json\/wp\/v2\/media?parent=7439"}],"wp:term":[{"taxonomy":"category","embeddable":true,"href":"https:\/\/radsportbezirk-westfalen-mitte.de\/wordpress\/wp-json\/wp\/v2\/categories?post=7439"},{"taxonomy":"post_tag","embeddable":true,"href":"https:\/\/radsportbezirk-westfalen-mitte.de\/wordpress\/wp-json\/wp\/v2\/tags?post=7439"}],"curies":[{"name":"wp","href":"https:\/\/api.w.org\/{rel}","templated":true}]}}