{"id":7418,"date":"2018-02-16T09:43:32","date_gmt":"2018-02-16T08:43:32","guid":{"rendered":"http:\/\/radsportbezirk-westfalen-mitte.de\/wordpress\/?p=7418"},"modified":"2019-03-13T08:47:59","modified_gmt":"2019-03-13T07:47:59","slug":"die-zukunft-schwitzt-schon-im-sattel","status":"publish","type":"post","link":"https:\/\/radsportbezirk-westfalen-mitte.de\/wordpress\/7418\/","title":{"rendered":"Die Zukunft schwitzt schon im Sattel"},"content":{"rendered":"<p>Treten im Takt der Musik, Krafteinheiten oder hohe Frequenz in den Beinen, am Ende auf jeden Fall Schwitzen.<\/p>\n<p><!--more--><\/p>\n<p>Die Kindergruppe des RSV Unna trainiert bei diesen ungem\u00fctlichen Wetterbedingungen zur Zeit Mittwochs im Fitness-Studio. \u201eWir sind f\u00fcr zwei Monate beim Team-Fitness an der Hansastra\u00dfe untergekommen. Hier finden wir mit den Kindern tolle Bedingungen um die Gruppe zu trainieren und die Gemeinschaft voran zu treiben\u201c, so Frank Schemmer.<\/p>\n<p>Jeden Mittwoch trainieren die Jungen und M\u00e4dchen auf dem Spinning Rad. \u201eEs sind bei jedem Training fast alle R\u00e4der besetzt. Die Ma\u00dfnahme hat sich gelohnt, ich h\u00e4tte nicht mit dieser Begeisterung bei unserem Nachwuchs gerechnet. Mit Rolf Lingst\u00e4dt haben wir einen Trainer gefunden, der schon vor Jahren Rick Zabel und Lucas Liss bei uns im Winter trainiert hat\u201c, so Tobi M\u00fcller.<br \/>\nWir freuen uns \u00fcber jeden, der sich unserem Team anschlie\u00dfen m\u00f6chte. Wer dabei sein m\u00f6chte sollte sich vorab telefonisch bei Frank Schemmer (02303\/83313) melden. Die Trainingszeit ist bis Ende M\u00e4rz jeweils Mittwochs um 16:45 Uhr.<\/p>\n<p><img loading=\"lazy\" decoding=\"async\" class=\"aligncenter wp-image-7415\" style=\"border: 1px solid black; display: block; margin-left: auto; margin-right: auto;\" src=\"http:\/\/radsportbezirk-westfalen-mitte.de\/wordpress\/wp-content\/uploads\/2018\/02\/IMG_3525.JPG\" alt=\"\" width=\"500\" height=\"333\" border=\"1\" srcset=\"https:\/\/radsportbezirk-westfalen-mitte.de\/wordpress\/wp-content\/uploads\/2018\/02\/IMG_3525.JPG 3950w, https:\/\/radsportbezirk-westfalen-mitte.de\/wordpress\/wp-content\/uploads\/2018\/02\/IMG_3525-300x200.jpg 300w, https:\/\/radsportbezirk-westfalen-mitte.de\/wordpress\/wp-content\/uploads\/2018\/02\/IMG_3525-768x512.jpg 768w, https:\/\/radsportbezirk-westfalen-mitte.de\/wordpress\/wp-content\/uploads\/2018\/02\/IMG_3525-1024x683.jpg 1024w, https:\/\/radsportbezirk-westfalen-mitte.de\/wordpress\/wp-content\/uploads\/2018\/02\/IMG_3525-1568x1046.jpg 1568w\" sizes=\"auto, (max-width: 500px) 100vw, 500px\" \/><\/p>\n<p><img loading=\"lazy\" decoding=\"async\" class=\"aligncenter wp-image-7416\" style=\"display: block; border: 1px solid black; margin-left: auto; margin-right: auto;\" src=\"http:\/\/radsportbezirk-westfalen-mitte.de\/wordpress\/wp-content\/uploads\/2018\/02\/IMG_3530.JPG\" alt=\"\" width=\"500\" height=\"333\" border=\"1\" srcset=\"https:\/\/radsportbezirk-westfalen-mitte.de\/wordpress\/wp-content\/uploads\/2018\/02\/IMG_3530.JPG 3985w, https:\/\/radsportbezirk-westfalen-mitte.de\/wordpress\/wp-content\/uploads\/2018\/02\/IMG_3530-300x200.jpg 300w, https:\/\/radsportbezirk-westfalen-mitte.de\/wordpress\/wp-content\/uploads\/2018\/02\/IMG_3530-768x512.jpg 768w, https:\/\/radsportbezirk-westfalen-mitte.de\/wordpress\/wp-content\/uploads\/2018\/02\/IMG_3530-1024x682.jpg 1024w, https:\/\/radsportbezirk-westfalen-mitte.de\/wordpress\/wp-content\/uploads\/2018\/02\/IMG_3530-1568x1045.jpg 1568w\" sizes=\"auto, (max-width: 500px) 100vw, 500px\" \/><\/p>\n<p><img loading=\"lazy\" decoding=\"async\" class=\"aligncenter wp-image-7417\" style=\"display: block; border: 1px solid black; margin-left: auto; margin-right: auto;\" src=\"http:\/\/radsportbezirk-westfalen-mitte.de\/wordpress\/wp-content\/uploads\/2018\/02\/IMG-20180207-WA0013.jpg\" alt=\"\" width=\"500\" height=\"402\" border=\"1\" srcset=\"https:\/\/radsportbezirk-westfalen-mitte.de\/wordpress\/wp-content\/uploads\/2018\/02\/IMG-20180207-WA0013.jpg 1280w, https:\/\/radsportbezirk-westfalen-mitte.de\/wordpress\/wp-content\/uploads\/2018\/02\/IMG-20180207-WA0013-300x241.jpg 300w, https:\/\/radsportbezirk-westfalen-mitte.de\/wordpress\/wp-content\/uploads\/2018\/02\/IMG-20180207-WA0013-768x617.jpg 768w, https:\/\/radsportbezirk-westfalen-mitte.de\/wordpress\/wp-content\/uploads\/2018\/02\/IMG-20180207-WA0013-1024x822.jpg 1024w\" sizes=\"auto, (max-width: 500px) 100vw, 500px\" \/><\/p>\n<p>&nbsp;<\/p>\n<p>&nbsp;<\/p>\n<p>&nbsp;<\/p>\n<p>&nbsp;<\/p>\n<p>&nbsp;<\/p>\n<h2 align=\"center\"><strong><em>Text und Fotos: RSV Unna<\/em><\/strong><\/h2>\n<p>&nbsp;<\/p>\n<p>&nbsp;<\/p>\n<p>&nbsp;<\/p>\n<p>&nbsp;<\/p>\n<p>&nbsp;<\/p>\n","protected":false},"excerpt":{"rendered":"<p>Treten im Takt der Musik, Krafteinheiten oder hohe Frequenz in den Beinen, am Ende auf jeden Fall Schwitzen.<\/p><p><a class=\"more-link btn\" href=\"https:\/\/radsportbezirk-westfalen-mitte.de\/wordpress\/7418\/\">Weiterlesen<\/a><\/p>\n","protected":false},"author":1,"featured_media":0,"comment_status":"closed","ping_status":"closed","sticky":false,"template":"","format":"standard","meta":{"footnotes":""},"categories":[32],"tags":[65,71,74,333],"class_list":["post-7418","post","type-post","status-publish","format-standard","hentry","category-vereine","tag-65","tag-rsv-unna","tag-training","tag-kindergruppe","wp-image-borders","item-wrap"],"_links":{"self":[{"href":"https:\/\/radsportbezirk-westfalen-mitte.de\/wordpress\/wp-json\/wp\/v2\/posts\/7418","targetHints":{"allow":["GET"]}}],"collection":[{"href":"https:\/\/radsportbezirk-westfalen-mitte.de\/wordpress\/wp-json\/wp\/v2\/posts"}],"about":[{"href":"https:\/\/radsportbezirk-westfalen-mitte.de\/wordpress\/wp-json\/wp\/v2\/types\/post"}],"author":[{"embeddable":true,"href":"https:\/\/radsportbezirk-westfalen-mitte.de\/wordpress\/wp-json\/wp\/v2\/users\/1"}],"replies":[{"embeddable":true,"href":"https:\/\/radsportbezirk-westfalen-mitte.de\/wordpress\/wp-json\/wp\/v2\/comments?post=7418"}],"version-history":[{"count":2,"href":"https:\/\/radsportbezirk-westfalen-mitte.de\/wordpress\/wp-json\/wp\/v2\/posts\/7418\/revisions"}],"predecessor-version":[{"id":9465,"href":"https:\/\/radsportbezirk-westfalen-mitte.de\/wordpress\/wp-json\/wp\/v2\/posts\/7418\/revisions\/9465"}],"wp:attachment":[{"href":"https:\/\/radsportbezirk-westfalen-mitte.de\/wordpress\/wp-json\/wp\/v2\/media?parent=7418"}],"wp:term":[{"taxonomy":"category","embeddable":true,"href":"https:\/\/radsportbezirk-westfalen-mitte.de\/wordpress\/wp-json\/wp\/v2\/categories?post=7418"},{"taxonomy":"post_tag","embeddable":true,"href":"https:\/\/radsportbezirk-westfalen-mitte.de\/wordpress\/wp-json\/wp\/v2\/tags?post=7418"}],"curies":[{"name":"wp","href":"https:\/\/api.w.org\/{rel}","templated":true}]}}