{"id":7412,"date":"2018-02-08T09:35:34","date_gmt":"2018-02-08T08:35:34","guid":{"rendered":"http:\/\/radsportbezirk-westfalen-mitte.de\/wordpress\/?p=7412"},"modified":"2019-03-13T10:10:42","modified_gmt":"2019-03-13T09:10:42","slug":"der-radsport-in-unna-ist-lebendig","status":"publish","type":"post","link":"https:\/\/radsportbezirk-westfalen-mitte.de\/wordpress\/7412\/","title":{"rendered":"Der Radsport in Unna ist lebendig"},"content":{"rendered":"<p>Hans Kuhn blickte am Ende zufrieden und voller Vorfreude in die Zukunft des RSV Unna. \u201eIch freue mich, dass wir eine junge Mannschaft gefunden haben, die bereit ist wichtige Zukunftsaufgaben f\u00fcr den Radsport, und damit auch f\u00fcr die Sportfamilie in Unna, anzugehen.\u201c<\/p>\n<p><!--more--><\/p>\n<p>In der Mitgliederversammlung waren die Gef\u00fchle dennoch gespalten. Gepr\u00e4gt war die Versammlung von Trauer, Stolz und einer gro\u00dfen Zuversicht mit Blick in die nahe und ferne Zukunft. \u201eDer Tod Reinhold B\u00f6hms l\u00e4sst uns nicht los. Er ist immer noch auf jedem Weg dabei, umso mehr, da wir seine Planungen f\u00fcr die Deutsche Meisterschaft der U23 in diesem Jahr fortf\u00fchren. Er hat der Gesellschaft, dem Radsport und den zahlreichen Sportlern viel gegeben und uns ein Erbe \u00fcbertragen, dass wir in seinem Sinne fortf\u00fchren werden\u201c, so Hans Kuhn im Gedenken.<\/p>\n<p>Mit berechtigtem Stolz pr\u00e4sentierte Trainer Michael Buschhoff die Erfolge der Sportler.<\/p>\n<ul>\n<li style=\"list-style-type: none;\">\n<ul>\n<li style=\"list-style-type: none;\">\n<ul>\n<li>\n<p style=\"margin-bottom: 0cm; line-height: 150%;\">10 Goldmedaillen bei EM und DM<\/p>\n<\/li>\n<li>\n<p style=\"margin-bottom: 0cm; line-height: 150%;\">6 Silbermedaillen bei WM und DM<\/p>\n<\/li>\n<li>\n<p style=\"margin-bottom: 0cm; line-height: 150%;\">4 Bronzemedaillen bei EM und DM<\/p>\n<\/li>\n<li>\n<p style=\"margin-bottom: 0cm; line-height: 150%;\">61 Siege und 87 mal 2.\/3. Pl\u00e4tze<\/p>\n<\/li>\n<\/ul>\n<\/li>\n<\/ul>\n<\/li>\n<\/ul>\n<p>Da fiel es schwer eine Sportlerin\/ einen Sportler hervorzuheben. Dennoch hinterlie\u00dfen die Nachwuchserfolge von Franzi Koch (u. a. 3x Dt. Meisterin\/ WM 5.) und Michel He\u00dfmann ( u. a. 3x Dt. Meister\/ 2. Olymp. Spiele der europ\u00e4ischen Jugend) einen besonderen Eindruck. \u201eStolz sind wir auch auf unsere Kindergruppe. Die Nachwuchssportler trainieren flei\u00dfig und haben richtig Lust aufs Radfahren\u201c, so Michael Buschhoff.<\/p>\n<p>Die Radtourenfahrer leisten nicht weniger, sitzen viel im Sattel und fahren an den Wochenenden um Punkte f\u00fcr ihre Wertungen. \u201eTrainingslager auf Mallorca, Westfalen Winterbike Trophy, Radtourenfahrten, Bundesradsporttreffen in Hannover oder die Partnerschaft mit den Radsportlern aus Walwijk sind nur einige H\u00f6hepunkte aus dem vergangenen Jahr\u201c, so der scheidende Radtourenfachwart Carsten Peitscher. Er hatte zuvor bereits die Vereinsmeister Horst R\u00fcthing (RTF) und Carsten B\u00fcltmann (CTF) geehrt.<\/p>\n<p>Frank Schemmer bedankte sich bei allen Helfern und Sponsoren, die den Anfang des neuen Teams unterst\u00fctzt haben. \u201eWir haben gute Gespr\u00e4che mit dem SportService Unna, finden Unterst\u00fctzung f\u00fcr die Kindergruppe im Sportf\u00f6rderkreis, haben im Verein viele, die sich die Aufgaben aufteilen und sind auch stolz, dass wir mit dem Autohaus Muermann und dem Alu-Werk Unna die sportliche F\u00f6rderung im Stadtwerke Team Unna fortf\u00fchren k\u00f6nnen.<\/p>\n<p>Die bestehende Vorstandsmannschaft wurde von der Versammlung best\u00e4tigt. Neu im Team sind dabei Carsten B\u00fcltmann (Radtourenfachwart), Tobias M\u00fcller (Jugendleiter), Andrea Hanke (stellv. Jugendleiterin), Greta Grewing (Sozialwartin), Frank Schemmer (Gesch\u00e4ftsf\u00fchrer\/Pressewart) und Maria B\u00f6hm (stellv. Gesch\u00e4ftsf\u00fchrerin).<\/p>\n<p>In diesem Jahr feiert der RSV Unna sein 50-j\u00e4hriges Bestehen. Das Highlight wird dann sicherlich die Drei-L\u00e4nder-Meisterschaft am 17.06.2018 Rund um das Haus Opherdicke sein. \u201eDen besten Nachwuchssportlern aus Deutschland, Luxemburg und der Schweiz wird der RSV eine besondere Veranstaltung bieten. Wir werden in den kommenden Tagen n\u00e4here Informationen dazu geben. Sicher ist, Unna wird wieder in aller Munde sein\u201c, so Hans Kuhn in Vorfreude auf diese Veranstaltung.<\/p>\n<p>Zum Abschluss bedankte sich Hans Kuhn noch bei Karl Westerhoff. \u201eDu bist nicht nur seit \u00fcber 40 Jahren im Verein, sondern auch genau so lang immer in Verantwortung f\u00fcr uns t\u00e4tig geworden. Daf\u00fcr m\u00f6chte ich mich ganz herzlich bedanken.\u201c<\/p>\n<p>&nbsp;<\/p>\n<p align=\"center\"><img loading=\"lazy\" decoding=\"async\" class=\"aligncenter wp-image-7410\" style=\"border: 1px solid black;\" src=\"http:\/\/radsportbezirk-westfalen-mitte.de\/wordpress\/wp-content\/uploads\/2018\/02\/Ehrung-Westerhoff.jpg\" alt=\"\" width=\"500\" height=\"467\" border=\"1\" srcset=\"https:\/\/radsportbezirk-westfalen-mitte.de\/wordpress\/wp-content\/uploads\/2018\/02\/Ehrung-Westerhoff.jpg 1962w, https:\/\/radsportbezirk-westfalen-mitte.de\/wordpress\/wp-content\/uploads\/2018\/02\/Ehrung-Westerhoff-300x280.jpg 300w, https:\/\/radsportbezirk-westfalen-mitte.de\/wordpress\/wp-content\/uploads\/2018\/02\/Ehrung-Westerhoff-768x717.jpg 768w, https:\/\/radsportbezirk-westfalen-mitte.de\/wordpress\/wp-content\/uploads\/2018\/02\/Ehrung-Westerhoff-1024x956.jpg 1024w, https:\/\/radsportbezirk-westfalen-mitte.de\/wordpress\/wp-content\/uploads\/2018\/02\/Ehrung-Westerhoff-1568x1464.jpg 1568w\" sizes=\"auto, (max-width: 500px) 100vw, 500px\" \/><\/p>\n<p align=\"center\"><img loading=\"lazy\" decoding=\"async\" class=\"aligncenter wp-image-7411\" style=\"border: 1px solid black;\" src=\"http:\/\/radsportbezirk-westfalen-mitte.de\/wordpress\/wp-content\/uploads\/2018\/02\/Vorstand-2018.jpg\" alt=\"\" width=\"499\" height=\"345\" border=\"1\" srcset=\"https:\/\/radsportbezirk-westfalen-mitte.de\/wordpress\/wp-content\/uploads\/2018\/02\/Vorstand-2018.jpg 2652w, https:\/\/radsportbezirk-westfalen-mitte.de\/wordpress\/wp-content\/uploads\/2018\/02\/Vorstand-2018-300x207.jpg 300w, https:\/\/radsportbezirk-westfalen-mitte.de\/wordpress\/wp-content\/uploads\/2018\/02\/Vorstand-2018-768x531.jpg 768w, https:\/\/radsportbezirk-westfalen-mitte.de\/wordpress\/wp-content\/uploads\/2018\/02\/Vorstand-2018-1024x707.jpg 1024w, https:\/\/radsportbezirk-westfalen-mitte.de\/wordpress\/wp-content\/uploads\/2018\/02\/Vorstand-2018-1568x1083.jpg 1568w\" sizes=\"auto, (max-width: 499px) 100vw, 499px\" \/><\/p>\n<p>&nbsp;<\/p>\n<p>&nbsp;<\/p>\n<p>&nbsp;<\/p>\n<p>&nbsp;<\/p>\n<p>&nbsp;<\/p>\n<h2 align=\"center\"><strong><em>Text und Fotos: RSV Unna<\/em><\/strong><\/h2>\n<p>&nbsp;<\/p>\n<p>&nbsp;<\/p>\n<p>&nbsp;<\/p>\n<p>&nbsp;<\/p>\n<p>&nbsp;<\/p>\n","protected":false},"excerpt":{"rendered":"<p>Hans Kuhn blickte am Ende zufrieden und voller Vorfreude in die Zukunft des RSV Unna. \u201eIch freue mich, dass wir eine junge Mannschaft gefunden haben, die bereit ist wichtige Zukunftsaufgaben f\u00fcr den Radsport, und damit auch f\u00fcr die Sportfamilie in Unna, anzugehen.\u201c<\/p><p><a class=\"more-link btn\" href=\"https:\/\/radsportbezirk-westfalen-mitte.de\/wordpress\/7412\/\">Weiterlesen<\/a><\/p>\n","protected":false},"author":1,"featured_media":0,"comment_status":"closed","ping_status":"closed","sticky":false,"template":"","format":"standard","meta":{"footnotes":""},"categories":[32],"tags":[323,65,71],"class_list":["post-7412","post","type-post","status-publish","format-standard","hentry","category-vereine","tag-jahreshauptversammlung","tag-65","tag-rsv-unna","wp-image-borders","item-wrap"],"_links":{"self":[{"href":"https:\/\/radsportbezirk-westfalen-mitte.de\/wordpress\/wp-json\/wp\/v2\/posts\/7412","targetHints":{"allow":["GET"]}}],"collection":[{"href":"https:\/\/radsportbezirk-westfalen-mitte.de\/wordpress\/wp-json\/wp\/v2\/posts"}],"about":[{"href":"https:\/\/radsportbezirk-westfalen-mitte.de\/wordpress\/wp-json\/wp\/v2\/types\/post"}],"author":[{"embeddable":true,"href":"https:\/\/radsportbezirk-westfalen-mitte.de\/wordpress\/wp-json\/wp\/v2\/users\/1"}],"replies":[{"embeddable":true,"href":"https:\/\/radsportbezirk-westfalen-mitte.de\/wordpress\/wp-json\/wp\/v2\/comments?post=7412"}],"version-history":[{"count":2,"href":"https:\/\/radsportbezirk-westfalen-mitte.de\/wordpress\/wp-json\/wp\/v2\/posts\/7412\/revisions"}],"predecessor-version":[{"id":9471,"href":"https:\/\/radsportbezirk-westfalen-mitte.de\/wordpress\/wp-json\/wp\/v2\/posts\/7412\/revisions\/9471"}],"wp:attachment":[{"href":"https:\/\/radsportbezirk-westfalen-mitte.de\/wordpress\/wp-json\/wp\/v2\/media?parent=7412"}],"wp:term":[{"taxonomy":"category","embeddable":true,"href":"https:\/\/radsportbezirk-westfalen-mitte.de\/wordpress\/wp-json\/wp\/v2\/categories?post=7412"},{"taxonomy":"post_tag","embeddable":true,"href":"https:\/\/radsportbezirk-westfalen-mitte.de\/wordpress\/wp-json\/wp\/v2\/tags?post=7412"}],"curies":[{"name":"wp","href":"https:\/\/api.w.org\/{rel}","templated":true}]}}