{"id":7399,"date":"2018-01-20T09:12:19","date_gmt":"2018-01-20T08:12:19","guid":{"rendered":"http:\/\/radsportbezirk-westfalen-mitte.de\/wordpress\/?p=7399"},"modified":"2019-03-13T10:34:02","modified_gmt":"2019-03-13T09:34:02","slug":"mtb-woche-in-winterberg-in-den-osterferien","status":"publish","type":"post","link":"https:\/\/radsportbezirk-westfalen-mitte.de\/wordpress\/7399\/","title":{"rendered":"MTB-Woche in Winterberg in den Osterferien"},"content":{"rendered":"<p>Hallo Bikerinnen, hallo Biker,<\/p>\n<p>die MTB-Gruppe des ASC 09 Dortmund f\u00fchrt vom 26.03.2018 bis 31.03.2018 eine MTB-Woche in Winterberg durch.<\/p>\n<p><!--more--><\/p>\n<p>Die Teilnahme ist offen f\u00fcr alle Radsportlerinnen und Radsportler des Radsportbezirks Westfalen-Mitte e.V. der Jahrg\u00e4nge 2000 bis 2007.<\/p>\n<p>&nbsp;<\/p>\n<p style=\"padding-left: 40px;\">Leistungen: 5 x \u00dcbernachtung, 5 x Vollpension (Fr\u00fchst\u00fcck, Mittagessen, Abendessen)<\/p>\n<p style=\"padding-left: 40px;\">Inhalte: Fahrtraining, Technik, Freizeitgestaltung<\/p>\n<p style=\"padding-left: 40px;\">Teilnehmerzahl: max. 25<\/p>\n<p style=\"padding-left: 40px;\">Teilnehmereigenleistung: 125.- \u20ac<\/p>\n<p class=\"Default\" style=\"padding-left: 40px;\"><strong><span style=\"font-size: 11.5pt;\">Anmeldeschluss: 01.02.2018 <\/span><\/strong><\/p>\n<p>&nbsp;<\/p>\n<p>Die Anmeldungen\/Einverst\u00e4ndniserkl\u00e4rungen sind vollst\u00e4ndig ausgef\u00fcllt und unterschrieben an die angegebene Adresse zu senden.<\/p>\n<p>Die Anmeldungen werden in der Reihenfolge ihres Eingangs bearbeitet.<\/p>\n<p>&nbsp;<\/p>\n<p>Mit sportlichen Gr\u00fc\u00dfen<\/p>\n<p><strong>Jens Kl\u00fch<\/strong><br \/>\n<em>Abteilungsleiter MTB<\/em><\/p>\n<p>ASC 09 Dortmund<br \/>\nMTB-Gruppe<\/p>\n<p><em><a href=\"http:\/\/www.asc09mtb.de\/\" target=\"_blank\" rel=\"noopener noreferrer\">www.asc09mtb.de<\/a><\/em><\/p>\n<p>&nbsp;<\/p>\n<p>&nbsp;<\/p>\n<p>&nbsp;<\/p>\n<p>&nbsp;<\/p>\n<p>&nbsp;<\/p>\n","protected":false},"excerpt":{"rendered":"<p>Hallo Bikerinnen, hallo Biker,<\/p>\n<p>die MTB-Gruppe des ASC 09 Dortmund f\u00fchrt vom 26.03.2018 bis 31.03.2018 eine MTB-Woche in Winterberg durch.<\/p><p><a class=\"more-link btn\" href=\"https:\/\/radsportbezirk-westfalen-mitte.de\/wordpress\/7399\/\">Weiterlesen<\/a><\/p>\n","protected":false},"author":1,"featured_media":0,"comment_status":"closed","ping_status":"closed","sticky":false,"template":"","format":"standard","meta":{"footnotes":""},"categories":[44],"tags":[65,83,214,339,340],"class_list":["post-7399","post","type-post","status-publish","format-standard","hentry","category-jugendradsport","tag-65","tag-asc-dortmund","tag-mtb","tag-osterferien","tag-winterberg","wp-image-borders","item-wrap"],"_links":{"self":[{"href":"https:\/\/radsportbezirk-westfalen-mitte.de\/wordpress\/wp-json\/wp\/v2\/posts\/7399","targetHints":{"allow":["GET"]}}],"collection":[{"href":"https:\/\/radsportbezirk-westfalen-mitte.de\/wordpress\/wp-json\/wp\/v2\/posts"}],"about":[{"href":"https:\/\/radsportbezirk-westfalen-mitte.de\/wordpress\/wp-json\/wp\/v2\/types\/post"}],"author":[{"embeddable":true,"href":"https:\/\/radsportbezirk-westfalen-mitte.de\/wordpress\/wp-json\/wp\/v2\/users\/1"}],"replies":[{"embeddable":true,"href":"https:\/\/radsportbezirk-westfalen-mitte.de\/wordpress\/wp-json\/wp\/v2\/comments?post=7399"}],"version-history":[{"count":2,"href":"https:\/\/radsportbezirk-westfalen-mitte.de\/wordpress\/wp-json\/wp\/v2\/posts\/7399\/revisions"}],"predecessor-version":[{"id":9486,"href":"https:\/\/radsportbezirk-westfalen-mitte.de\/wordpress\/wp-json\/wp\/v2\/posts\/7399\/revisions\/9486"}],"wp:attachment":[{"href":"https:\/\/radsportbezirk-westfalen-mitte.de\/wordpress\/wp-json\/wp\/v2\/media?parent=7399"}],"wp:term":[{"taxonomy":"category","embeddable":true,"href":"https:\/\/radsportbezirk-westfalen-mitte.de\/wordpress\/wp-json\/wp\/v2\/categories?post=7399"},{"taxonomy":"post_tag","embeddable":true,"href":"https:\/\/radsportbezirk-westfalen-mitte.de\/wordpress\/wp-json\/wp\/v2\/tags?post=7399"}],"curies":[{"name":"wp","href":"https:\/\/api.w.org\/{rel}","templated":true}]}}