{"id":7392,"date":"2018-01-12T09:44:50","date_gmt":"2018-01-12T08:44:50","guid":{"rendered":"http:\/\/radsportbezirk-westfalen-mitte.de\/wordpress\/?p=7392"},"modified":"2019-03-13T12:30:33","modified_gmt":"2019-03-13T11:30:33","slug":"rsv-unna-kaempft-bei-erster-titelvergabe-des-jahres-mit","status":"publish","type":"post","link":"https:\/\/radsportbezirk-westfalen-mitte.de\/wordpress\/7392\/","title":{"rendered":"RSV Unna k\u00e4mpft bei erster Titelvergabe des Jahres mit"},"content":{"rendered":"<p>Regen, Wind und K\u00e4lte sind nicht die gern gesehenen Begleiter des Radfahrers.<\/p>\n<p><!--more--><\/p>\n<p>Mit Charlotte Becker, Tatjana Paller und Aaron Grosser zieht es einige in den S\u00fcden zum Trainingslager. Andere fahren ihre Kilometer flei\u00dfig auf der Rolle, weichen auf das Bahntraining aus oder nutzen jeden trockenen Moment auf der Stra\u00dfe, um sich f\u00fcr die kommenden Aufgaben vorzubereiten.<\/p>\n<p>&nbsp;<\/p>\n<p>Anders sieht es bei den Crossfahrern aus.<\/p>\n<p>Sie beenden am kommenden Wochenende mit den Deutschen Meisterschaften in Bensheim ihre Saison. F\u00fcr sie geh\u00f6ren Wind, Regen, Schnee und K\u00e4lte zur besonderen Herausforderung dazu. \u201eEs ist einfach sch\u00f6ner im Cross nicht das Gef\u00fchl zu haben auf der Autobahn ein Rennen zu fahren. Gerade die technische Anforderungen machen bei matschiger oder vereister Strecke auf Wiesen und in den W\u00e4ldern den besonderen Reiz aus\u201c, so Sven Harter vor den Deutschen Meisterschaften. \u201eWir sind gut vorbereitet und weitestgehend gesund durch die Cross-Saison gekommen. Jetzt wollen wir uns mit den Besten messen und sehen, wie weit wir sind.\u201c Gemeinsam mit seinem Sohn Luca und Marcus Vo\u00df wird er die Farben des RSV Unna vertreten.<\/p>\n<p>\u201eWir haben ein wenig die Strecke recherchiert und sind auch schon einmal dort gewesen. Sie ist sch\u00f6n, aber schwer. Zu den Favoriten z\u00e4hle ich nat\u00fcrlich nicht, dennoch hoffe ich um Platz 10 mitfahren zu k\u00f6nnen\u201c, so die Einsch\u00e4tzung von Luca Harter.<\/p>\n<p>In der letzten Woche konnte sie gleich dreimal an ihrer Form arbeiten. Zweimal ging es im Deutschland Cup um Wertungspunkte zur Qualifikation f\u00fcr die Meisterschaft. Dabei lief es f\u00fcr Luca nicht optimal. In Vechta riss ihm die Schaltung, Dreck hatte sie so zugesetzt, dass das Material bei einem Antritt nicht mehr Stand hielt. Er musste eine halbe Runde bis zur Wechselzone laufen, Radtausch und dann ging es weiter. Am Ende blieb dann ein 21. Platz.<\/p>\n<p>Am n\u00e4chsten Tag folgte in den Wiesen von Herford dann nach dem Dauerregen eine Schlammschlacht. Immerhin ging es hier dann f\u00fcr ihn auf der ungeliebten Streckenf\u00fchrung auf Platz 14.<\/p>\n<p>Am letzten Sonntag dann der Abschluss der Weser-Ems-Cup Serie. Die Jugendfahrer waren wieder mit den Senioren 3 am Start. Mit Platz zwei in diesem Rennen sicherte er sich \u00fcberlegen den Sieg in der Gesamtwertung. \u201eWir hatten dort zwar mit Schlamm zu k\u00e4mpfen, dennoch war es ein schneller Kurs. Die technisch anspruchsvollen Passagen lagen mir besonders gut.\u201c Bezwingen konnte ihn hier nur Palke aus Hamburg, der f\u00fcr die DM der gro\u00dfe Favorit ist.<\/p>\n<p>\u201eWir freuen uns auf die Deutsche. Luca hat sich in diesem Winter wahnsinnig gesteigert. Talent hatte er schon immer. Mit dem n\u00f6tigen Flei\u00df hat er dann auch den Sprung in die Deutsche Spitze geschafft\u201c, so Sven Harter abschlie\u00dfend.<\/p>\n<p>Die Fahrer des RSV Unna starten am Samstag um 09:30 Uhr (Senioren) und 13:00 Uhr (Jugend) in Bensheim. Die Rennen werden durch den Veranstalter in einem Livestream ins Internet eingespielt. <em>(<a href=\"https:\/\/dm2018.radcross-bensheim.de\/dm-live\/\" target=\"_blank\" rel=\"noopener noreferrer\">https:\/\/dm2018.radcross-bensheim.de\/dm-live\/<\/a>)<\/em><\/p>\n<p>&nbsp;<\/p>\n<p>&nbsp;<\/p>\n<p>&nbsp;<\/p>\n<p>&nbsp;<\/p>\n<p>&nbsp;<\/p>\n<h2 style=\"text-align: center;\" align=\"&quot;center\"><strong><em>Text: RSV Unna<\/em><\/strong><\/h2>\n<p>&nbsp;<\/p>\n<p>&nbsp;<\/p>\n<p>&nbsp;<\/p>\n<p>&nbsp;<\/p>\n<p>&nbsp;<\/p>\n","protected":false},"excerpt":{"rendered":"<p>Regen, Wind und K\u00e4lte sind nicht die gern gesehenen Begleiter des Radfahrers.<\/p><p><a class=\"more-link btn\" href=\"https:\/\/radsportbezirk-westfalen-mitte.de\/wordpress\/7392\/\">Weiterlesen<\/a><\/p>\n","protected":false},"author":1,"featured_media":0,"comment_status":"closed","ping_status":"closed","sticky":false,"template":"","format":"standard","meta":{"footnotes":""},"categories":[48],"tags":[65,71,197,203,247,256,303,341],"class_list":["post-7392","post","type-post","status-publish","format-standard","hentry","category-cross-querfeldeinrennen","tag-65","tag-rsv-unna","tag-cross","tag-luca-harter","tag-sven-harter","tag-dm","tag-marcus-voss","tag-bensheim","wp-image-borders","item-wrap"],"_links":{"self":[{"href":"https:\/\/radsportbezirk-westfalen-mitte.de\/wordpress\/wp-json\/wp\/v2\/posts\/7392","targetHints":{"allow":["GET"]}}],"collection":[{"href":"https:\/\/radsportbezirk-westfalen-mitte.de\/wordpress\/wp-json\/wp\/v2\/posts"}],"about":[{"href":"https:\/\/radsportbezirk-westfalen-mitte.de\/wordpress\/wp-json\/wp\/v2\/types\/post"}],"author":[{"embeddable":true,"href":"https:\/\/radsportbezirk-westfalen-mitte.de\/wordpress\/wp-json\/wp\/v2\/users\/1"}],"replies":[{"embeddable":true,"href":"https:\/\/radsportbezirk-westfalen-mitte.de\/wordpress\/wp-json\/wp\/v2\/comments?post=7392"}],"version-history":[{"count":2,"href":"https:\/\/radsportbezirk-westfalen-mitte.de\/wordpress\/wp-json\/wp\/v2\/posts\/7392\/revisions"}],"predecessor-version":[{"id":9500,"href":"https:\/\/radsportbezirk-westfalen-mitte.de\/wordpress\/wp-json\/wp\/v2\/posts\/7392\/revisions\/9500"}],"wp:attachment":[{"href":"https:\/\/radsportbezirk-westfalen-mitte.de\/wordpress\/wp-json\/wp\/v2\/media?parent=7392"}],"wp:term":[{"taxonomy":"category","embeddable":true,"href":"https:\/\/radsportbezirk-westfalen-mitte.de\/wordpress\/wp-json\/wp\/v2\/categories?post=7392"},{"taxonomy":"post_tag","embeddable":true,"href":"https:\/\/radsportbezirk-westfalen-mitte.de\/wordpress\/wp-json\/wp\/v2\/tags?post=7392"}],"curies":[{"name":"wp","href":"https:\/\/api.w.org\/{rel}","templated":true}]}}