{"id":7391,"date":"2018-01-09T09:53:47","date_gmt":"2018-01-09T08:53:47","guid":{"rendered":"http:\/\/radsportbezirk-westfalen-mitte.de\/wordpress\/?p=7391"},"modified":"2019-03-13T12:32:16","modified_gmt":"2019-03-13T11:32:16","slug":"der-geschaeftsfuehrer-des-rc-victoria-neheim-e-v-verlaesst-den-verein","status":"publish","type":"post","link":"https:\/\/radsportbezirk-westfalen-mitte.de\/wordpress\/7391\/","title":{"rendered":"Der Gesch\u00e4ftsf\u00fchrer des RC Victoria Neheim e.V. verl\u00e4sst den Verein."},"content":{"rendered":"<h3><em><strong>Nach 30 Jahren verl\u00e4sst ein Urgestein den RC Victoria Neheim e.V. Er war Gr\u00fcndungsmitglied der ersten Stunde und an vielen T\u00e4tigkeiten rund um den RC Victoria Neheim aktiv.<\/strong><\/em><\/h3>\n<p><!--more--><\/p>\n<p>Er war der 1. Kassierer des Vereins und von 1998 bis 2000 war er 1. Vorsitzender. In seiner Zeit wurde das Juniorenteam mit Lothar F\u00f6st gegr\u00fcndet. Aus diesem Team stellte der RC Victoria Neheim auch den ersten deutschen Meister der Junioren mit Marcel Sieberg, der jetzt als Profi unterwegs ist und auch die Tour des France bestritten hat. Ab d. 09.07.1999 wurde unter seiner Regie das Profiradrennen am Neheimer Dom eingef\u00fchrt. Dabei war auch der jetzige Vorsitzende, J\u00f6rg Scherf, mit 23 Jahren dabei. Aus beruflichen Gr\u00fcnden musste das Amt an J\u00fcrgen J\u00fcrgen Scherf \u00fcbergeben. Bernd Brodowski war dann als 2. Vorsitzender t\u00e4tig und ab 2013 Gesch\u00e4ftsf\u00fchrer des Vereins. Er kn\u00fcpfte die F\u00e4den zum Bezirk Westf.-Mitte, LV-NRW und BDR. Zurzeit ist er im Bezirk Westf.-Mitte Koordinator Bereich MTB\/Cross und als Arbeitsgruppenkoordinator Cross im LV-NRW t\u00e4tig.<\/p>\n<p>Ab d. 01.01.2018 hat sich Bernd Brodowski dem Radsport-Verein RSV Unna angeschlossen.<\/p>\n<p>&nbsp;<\/p>\n<p>&nbsp;<\/p>\n<p>&nbsp;<\/p>\n<p>&nbsp;<\/p>\n<p>&nbsp;<\/p>\n","protected":false},"excerpt":{"rendered":"<p>Nach 30 Jahren verl\u00e4sst ein Urgestein den RC Victoria Neheim e.V. Er war Gr\u00fcndungsmitglied der ersten Stunde und an vielen T\u00e4tigkeiten rund um den RC Victoria Neheim aktiv.<\/p><p><a class=\"more-link btn\" href=\"https:\/\/radsportbezirk-westfalen-mitte.de\/wordpress\/7391\/\">Weiterlesen<\/a><\/p>\n","protected":false},"author":1,"featured_media":0,"comment_status":"closed","ping_status":"closed","sticky":false,"template":"","format":"standard","meta":{"footnotes":""},"categories":[32],"tags":[58,65,71,342],"class_list":["post-7391","post","type-post","status-publish","format-standard","hentry","category-vereine","tag-bezirk","tag-65","tag-rsv-unna","tag-rc-victoria-neheim","wp-image-borders","item-wrap"],"_links":{"self":[{"href":"https:\/\/radsportbezirk-westfalen-mitte.de\/wordpress\/wp-json\/wp\/v2\/posts\/7391","targetHints":{"allow":["GET"]}}],"collection":[{"href":"https:\/\/radsportbezirk-westfalen-mitte.de\/wordpress\/wp-json\/wp\/v2\/posts"}],"about":[{"href":"https:\/\/radsportbezirk-westfalen-mitte.de\/wordpress\/wp-json\/wp\/v2\/types\/post"}],"author":[{"embeddable":true,"href":"https:\/\/radsportbezirk-westfalen-mitte.de\/wordpress\/wp-json\/wp\/v2\/users\/1"}],"replies":[{"embeddable":true,"href":"https:\/\/radsportbezirk-westfalen-mitte.de\/wordpress\/wp-json\/wp\/v2\/comments?post=7391"}],"version-history":[{"count":2,"href":"https:\/\/radsportbezirk-westfalen-mitte.de\/wordpress\/wp-json\/wp\/v2\/posts\/7391\/revisions"}],"predecessor-version":[{"id":9502,"href":"https:\/\/radsportbezirk-westfalen-mitte.de\/wordpress\/wp-json\/wp\/v2\/posts\/7391\/revisions\/9502"}],"wp:attachment":[{"href":"https:\/\/radsportbezirk-westfalen-mitte.de\/wordpress\/wp-json\/wp\/v2\/media?parent=7391"}],"wp:term":[{"taxonomy":"category","embeddable":true,"href":"https:\/\/radsportbezirk-westfalen-mitte.de\/wordpress\/wp-json\/wp\/v2\/categories?post=7391"},{"taxonomy":"post_tag","embeddable":true,"href":"https:\/\/radsportbezirk-westfalen-mitte.de\/wordpress\/wp-json\/wp\/v2\/tags?post=7391"}],"curies":[{"name":"wp","href":"https:\/\/api.w.org\/{rel}","templated":true}]}}