{"id":7374,"date":"2017-12-07T10:23:28","date_gmt":"2017-12-07T09:23:28","guid":{"rendered":"http:\/\/radsportbezirk-westfalen-mitte.de\/wordpress\/?p=7374"},"modified":"2019-03-15T09:46:25","modified_gmt":"2019-03-15T08:46:25","slug":"silberne-ehrennadel-des-rsv-nrw-fuer-joachim-koenig","status":"publish","type":"post","link":"https:\/\/radsportbezirk-westfalen-mitte.de\/wordpress\/7374\/","title":{"rendered":"Silberne Ehrennadel des RSV NRW f\u00fcr Joachim K\u00f6nig"},"content":{"rendered":"<p><em>Schmallenberg<\/em> \u2013 Im Rahmen der Mitgliederversammlung der DJK RS Grafschaft 1930 e.V. im Sauerl\u00e4ndischen Schmallenberg wurde Joachim K\u00f6nig durch den Vorsitzenden des Radsportbezirks Westfalen-Mitte, Nils Sch\u00e4fer, mit der Silbernen Ehrennadel des Radsportverbandes NRW ausgezeichnet.<\/p>\n<p><!--more--><\/p>\n<p>Als stellvertretender Vorsitzender der DJK Grafschaft seit 1995 und Vorsitzender der Abteilung Radsport seit 1999, hat sich Joachim K\u00f6nig jahrelang gewissenhaft um die Organisation des Vereinssports und der vielen Radsport-Veranstaltungen gek\u00fcmmert. Mit dem MTB-NRW-Cup im Cross Country und dem MTB-Sauerland-Marathon, hat Organisator Joachim den Verein DJK Grafschaft fest im Rennkalender in NRW etabliert. Dabei arbeitet er gerne bescheiden im Hintergrund und \u00fcberl\u00e4sst Anderen die Interviews und Zeitungsreportagen. Neben den verwaltungstechnischen Aufgaben ist er Ansprechpartner f\u00fcr Sportler, Trainer, Betreuer sowie f\u00fcr Sponsoren und ist das &#8222;Gesicht des Radsports&#8220; in der Stadt Schmallenberg.<\/p>\n<p>Als ein \u201ewaschechter Grafschafter, ein authentischer und heimatverbundener Sauerl\u00e4nder Jungen\u201c, wurde er beschrieben. Mit seiner Zuverl\u00e4ssigkeit, seiner Geradlinigkeit und seinem feinen Humor sei er aus dem Dorf nicht wegzudenken. Auch eine kleine Portion Sturheit zeichne ihn aus, aber vielleicht ist genau das der Grund f\u00fcr seine unerm\u00fcdliche Heimat- und Vereinstreue. Wohnhaft zwischen Kirche und Kneipe geht an diesem Mann kein Dorf-Ereignis vorbei!<\/p>\n<p>Joachim K\u00f6nig ist bei den angesprochenen Veranstaltungen als Hauptorganisator nicht wegzudenken und engagiert sich dar\u00fcber hinaus seit vielen Jahren als Kommiss\u00e4r und Wettkampfausschussvorsitzender. Auch f\u00fcr den Radsportverband NRW sorgte er 2012 f\u00fcr eine reibungslose Mitgliederversammlung in Grafschaft. F\u00fcr seine besonderen Dienste um den Radsport, wurde ihm 2012 bereits das BDR-Ehrenzeichen in Bronze verliehen.<\/p>\n<p>Nun wurde es Zeit f\u00fcr einen weiteren Schritt:<\/p>\n<p>In Anerkennung der Verdienste um den Radsport, wurde am Samstag, den 02. Dezember 2017 an Joachim K\u00f6nig die Ehrennadel in Silber des Radsportverbandes Nordrhein-Westfalen e.V. verliehen.<\/p>\n<p>&nbsp;<\/p>\n<p style=\"text-align: center;\"><img loading=\"lazy\" decoding=\"async\" class=\"aligncenter wp-image-7373\" style=\"border: 1px solid black;\" src=\"http:\/\/radsportbezirk-westfalen-mitte.de\/wordpress\/wp-content\/uploads\/2017\/12\/2017-RSBWM_Ehrung-Joachim_Koenig.jpg\" alt=\"\" width=\"500\" height=\"333\" border=\"1\" srcset=\"https:\/\/radsportbezirk-westfalen-mitte.de\/wordpress\/wp-content\/uploads\/2017\/12\/2017-RSBWM_Ehrung-Joachim_Koenig.jpg 2000w, https:\/\/radsportbezirk-westfalen-mitte.de\/wordpress\/wp-content\/uploads\/2017\/12\/2017-RSBWM_Ehrung-Joachim_Koenig-300x200.jpg 300w, https:\/\/radsportbezirk-westfalen-mitte.de\/wordpress\/wp-content\/uploads\/2017\/12\/2017-RSBWM_Ehrung-Joachim_Koenig-768x512.jpg 768w, https:\/\/radsportbezirk-westfalen-mitte.de\/wordpress\/wp-content\/uploads\/2017\/12\/2017-RSBWM_Ehrung-Joachim_Koenig-1024x682.jpg 1024w, https:\/\/radsportbezirk-westfalen-mitte.de\/wordpress\/wp-content\/uploads\/2017\/12\/2017-RSBWM_Ehrung-Joachim_Koenig-1568x1045.jpg 1568w\" sizes=\"auto, (max-width: 500px) 100vw, 500px\" \/><br \/>\n<em>Foto: v.l.n.r.<br \/>\nFrank Schauerte (Vorsitzender der DJK Grafschaft),<br \/>\nJoachim K\u00f6nig (DJK Grafschaft),<br \/>\nNils Sch\u00e4fer (Vorsitzender des Radsportbezirks Westfalen-Mitte)<\/em><\/p>\n<p>&nbsp;<\/p>\n<p>&nbsp;<\/p>\n<p>&nbsp;<\/p>\n<p>&nbsp;<\/p>\n<p>&nbsp;<\/p>\n","protected":false},"excerpt":{"rendered":"<p>Schmallenberg \u2013 Im Rahmen der Mitgliederversammlung der DJK RS Grafschaft 1930 e.V. im Sauerl\u00e4ndischen Schmallenberg wurde Joachim K\u00f6nig durch den Vorsitzenden des Radsportbezirks Westfalen-Mitte, Nils Sch\u00e4fer, mit der Silbernen Ehrennadel des Radsportverbandes NRW ausgezeichnet.<\/p><p><a class=\"more-link btn\" href=\"https:\/\/radsportbezirk-westfalen-mitte.de\/wordpress\/7374\/\">Weiterlesen<\/a><\/p>\n","protected":false},"author":1,"featured_media":0,"comment_status":"closed","ping_status":"closed","sticky":false,"template":"","format":"standard","meta":{"footnotes":""},"categories":[41],"tags":[58,163,296,358,359,360,361],"class_list":["post-7374","post","type-post","status-publish","format-standard","hentry","category-organisation","tag-bezirk","tag-163","tag-lv-nrw","tag-silberne-ehrennadel","tag-joachim-koenig","tag-djk-rs-grafschaft","tag-schmallenberg","wp-image-borders","item-wrap"],"_links":{"self":[{"href":"https:\/\/radsportbezirk-westfalen-mitte.de\/wordpress\/wp-json\/wp\/v2\/posts\/7374","targetHints":{"allow":["GET"]}}],"collection":[{"href":"https:\/\/radsportbezirk-westfalen-mitte.de\/wordpress\/wp-json\/wp\/v2\/posts"}],"about":[{"href":"https:\/\/radsportbezirk-westfalen-mitte.de\/wordpress\/wp-json\/wp\/v2\/types\/post"}],"author":[{"embeddable":true,"href":"https:\/\/radsportbezirk-westfalen-mitte.de\/wordpress\/wp-json\/wp\/v2\/users\/1"}],"replies":[{"embeddable":true,"href":"https:\/\/radsportbezirk-westfalen-mitte.de\/wordpress\/wp-json\/wp\/v2\/comments?post=7374"}],"version-history":[{"count":2,"href":"https:\/\/radsportbezirk-westfalen-mitte.de\/wordpress\/wp-json\/wp\/v2\/posts\/7374\/revisions"}],"predecessor-version":[{"id":9565,"href":"https:\/\/radsportbezirk-westfalen-mitte.de\/wordpress\/wp-json\/wp\/v2\/posts\/7374\/revisions\/9565"}],"wp:attachment":[{"href":"https:\/\/radsportbezirk-westfalen-mitte.de\/wordpress\/wp-json\/wp\/v2\/media?parent=7374"}],"wp:term":[{"taxonomy":"category","embeddable":true,"href":"https:\/\/radsportbezirk-westfalen-mitte.de\/wordpress\/wp-json\/wp\/v2\/categories?post=7374"},{"taxonomy":"post_tag","embeddable":true,"href":"https:\/\/radsportbezirk-westfalen-mitte.de\/wordpress\/wp-json\/wp\/v2\/tags?post=7374"}],"curies":[{"name":"wp","href":"https:\/\/api.w.org\/{rel}","templated":true}]}}