{"id":7362,"date":"2017-10-17T10:19:35","date_gmt":"2017-10-17T08:19:35","guid":{"rendered":"http:\/\/radsportbezirk-westfalen-mitte.de\/wordpress\/?p=7362"},"modified":"2019-03-15T09:54:06","modified_gmt":"2019-03-15T08:54:06","slug":"luca-harter-mit-erstem-saisonsieg","status":"publish","type":"post","link":"https:\/\/radsportbezirk-westfalen-mitte.de\/wordpress\/7362\/","title":{"rendered":"Luca Harter mit erstem Saisonsieg"},"content":{"rendered":"<p>Lange hat es gedauert, viel hat er daf\u00fcr trainiert. Am vergangenen Wochenende war er dann perfekt, der erste Saisonsieg f\u00fcr Luca Harter vom Rad-Team Stadtwerke Unna.<\/p>\n<p><!--more--><\/p>\n<p>Der U17 Fahrer siegte beim 3. Lauf des Weser-Ems-Cup vor der \u00dcbermacht der Fahrer des RC Herford. \u201eWir haben uns direkt nach dem Start zu zweit vom Rest abgesetzt. Das Loch zu den anderen Fahrern wurde von Runde zu Runde gr\u00f6\u00dfer. Zwei Runden vor Schluss wollte mein Mitstreiter nicht mehr mitf\u00fchren. Von hinten kamen seine Vereinskollegen immer n\u00e4her. Daher musste ich dann die letzten Runden alleine die F\u00fchrungsarbeit machen\u201c, so Luca nach dem Rennen. \u201eIch hatte Bef\u00fcrchtungen, dass seine Kraft im Spurt nicht mehr reichen k\u00f6nnte. Er hat das richtig gut gemacht und konnte den Herforder Gruszczynski im Spurt am Berg dann doch um 0,8 sec. bezwingen\u201c, so ein gl\u00fccklicher Vater Sven Harter.<\/p>\n<p>&nbsp;<\/p>\n<p><img loading=\"lazy\" decoding=\"async\" class=\"aligncenter wp-image-7359\" style=\"border: 1px solid black; display: block; margin-left: auto; margin-right: auto;\" src=\"http:\/\/radsportbezirk-westfalen-mitte.de\/wordpress\/wp-content\/uploads\/2017\/10\/IMG-20171015-WA0008.jpg\" alt=\"\" width=\"282\" height=\"500\" border=\"1\" srcset=\"https:\/\/radsportbezirk-westfalen-mitte.de\/wordpress\/wp-content\/uploads\/2017\/10\/IMG-20171015-WA0008.jpg 723w, https:\/\/radsportbezirk-westfalen-mitte.de\/wordpress\/wp-content\/uploads\/2017\/10\/IMG-20171015-WA0008-169x300.jpg 169w, https:\/\/radsportbezirk-westfalen-mitte.de\/wordpress\/wp-content\/uploads\/2017\/10\/IMG-20171015-WA0008-578x1024.jpg 578w\" sizes=\"auto, (max-width: 282px) 100vw, 282px\" \/><\/p>\n<p>&nbsp;<\/p>\n<p>Bei ihm selbst lief es nicht ganz so gut. \u201eIch bin am Start schlecht weggekommen. Im Rennen konnte ich mich an die Gruppe auf Platz drei heranarbeiten.\u201c Am Ende reichte es dann im Spurt f\u00fcr den sechsten Platz. \u201eMomentan behindern mich Knieschmerzen, die ein Laufen sehr schmerzhaft machen. Ich hoffe dies in den Griff zu bekommen.\u201c<\/p>\n<p>Bereits am Tag zuvor waren beide beim 2. Lauf des Weser-Ems-Cups gestartet. Auch hier setzte Luca bereits das Highlight. Was er bei seinem Sieg am Folgetag schon besser machte, gelang ihm hier nicht ganz. Das Herforder Team isolierte ihn, so dass der Herforder Gruszczynski sich absetzen und vor Luca siegen konnte. Sven Harter sicherte sich hier den dritten Platz.<\/p>\n<p>&nbsp;<\/p>\n<p><img loading=\"lazy\" decoding=\"async\" class=\"aligncenter wp-image-7360\" style=\"border: 1px solid black; display: block; margin-left: auto; margin-right: auto;\" src=\"http:\/\/radsportbezirk-westfalen-mitte.de\/wordpress\/wp-content\/uploads\/2017\/10\/IMG-20171015-WA0014.jpg\" alt=\"\" width=\"375\" height=\"500\" border=\"1\" srcset=\"https:\/\/radsportbezirk-westfalen-mitte.de\/wordpress\/wp-content\/uploads\/2017\/10\/IMG-20171015-WA0014.jpg 960w, https:\/\/radsportbezirk-westfalen-mitte.de\/wordpress\/wp-content\/uploads\/2017\/10\/IMG-20171015-WA0014-225x300.jpg 225w, https:\/\/radsportbezirk-westfalen-mitte.de\/wordpress\/wp-content\/uploads\/2017\/10\/IMG-20171015-WA0014-768x1024.jpg 768w\" sizes=\"auto, (max-width: 375px) 100vw, 375px\" \/><\/p>\n<p>&nbsp;<\/p>\n<p>&nbsp;<\/p>\n<hr \/>\n<p>&nbsp;<\/p>\n<p><strong>Bahn-EM in Berlin mit Unnaer Beteiligung<\/strong><\/p>\n<p>Am Donnerstag starten auf der Radrennbahn in Berlin die Europameisterschaften. Mit am Start sein werden Charlotte Becker und Lucas Li\u00df im Bahnvierer. Die M\u00e4nner wollen bei dieser Heim-EM erstmals wieder auf die Medaillenr\u00e4nge vorr\u00fccken. F\u00fcr die Frauen gilt es den Weg zur\u00fcck in die Weltspitze zu finden.<\/p>\n<p>Dabei sein werden in Berlin auch Hans Kuhn und Frank Schemmer vom RSV Unna. \u201eDer BDR hat uns gebeten die Deutsche Meisterschaft der U23, die wir im kommenden Jahr um das Haus Opherdicke ausrichten, der internationalen Presse vorzustellen. Das wir dies \u00fcberhaupt machen sollen und dann dort gemeinsam mit dem BDR Pr\u00e4sidenten Rudolf Scharping sitzen werden ist au\u00dfergew\u00f6hnlich. Vielleicht hat Herr Scharping ja noch eine \u00dcberraschung zu verk\u00fcnden\u201c, deutet Hans Kuhn mit einem Augenzwinkern an. Was das bedeuten kann wird sicherlich am Donnerstag ab 16:00 Uhr den Medienvertretern bekannt gegeben.<\/p>\n<p>\u201eWir sind in den Planungen schon auf einem guten Weg. Ein Werbevideo haben wir in der vergangenen Woche gedreht und werden es erstmals in Berlin pr\u00e4sentieren. Das Rennen soll von einem breit gef\u00e4cherten Sport- und Kulturprogramm begleitet werden. Die Veranstaltung ist ein H\u00f6hepunkt im Jubil\u00e4umsjahr des RSV Unna\u201c, so Hans Kuhn weiter.<\/p>\n<p>Beim Video-Dreh anwesend war ein Team des WDR Dortmund. Das Team hat dabei den Schwerpunkt auf Franzi Koch gelegt. Sie ist am kommenden Donnerstag Gast des WDR in der Lokalzeit ab 19:30h. Ihre besonderen Leistungen und dabei ihre Vielseitigkeit sind dem WDR aufgefallen und sollen herausgestellt werden.<\/p>\n<p>&nbsp;<\/p>\n<p style=\"text-align: center;\"><img loading=\"lazy\" decoding=\"async\" class=\"aligncenter wp-image-7361\" style=\"border: 1px solid black;\" src=\"http:\/\/radsportbezirk-westfalen-mitte.de\/wordpress\/wp-content\/uploads\/2017\/10\/IMG-20171014-WA0001.jpg\" alt=\"\" width=\"500\" height=\"333\" border=\"1\" srcset=\"https:\/\/radsportbezirk-westfalen-mitte.de\/wordpress\/wp-content\/uploads\/2017\/10\/IMG-20171014-WA0001.jpg 1280w, https:\/\/radsportbezirk-westfalen-mitte.de\/wordpress\/wp-content\/uploads\/2017\/10\/IMG-20171014-WA0001-300x200.jpg 300w, https:\/\/radsportbezirk-westfalen-mitte.de\/wordpress\/wp-content\/uploads\/2017\/10\/IMG-20171014-WA0001-768x512.jpg 768w, https:\/\/radsportbezirk-westfalen-mitte.de\/wordpress\/wp-content\/uploads\/2017\/10\/IMG-20171014-WA0001-1024x682.jpg 1024w\" sizes=\"auto, (max-width: 500px) 100vw, 500px\" \/><\/p>\n<p>&nbsp;<\/p>\n<p>&nbsp;<\/p>\n<p>&nbsp;<\/p>\n<p>&nbsp;<\/p>\n<p>&nbsp;<\/p>\n<h2 align=\"center\"><strong><em>Text und Fotos: RSV Unna<\/em><\/strong><\/h2>\n<p>&nbsp;<\/p>\n<p>&nbsp;<\/p>\n<p>&nbsp;<\/p>\n<p>&nbsp;<\/p>\n<p>&nbsp;<\/p>\n","protected":false},"excerpt":{"rendered":"<p>Lange hat es gedauert, viel hat er daf\u00fcr trainiert. Am vergangenen Wochenende war er dann perfekt, der erste Saisonsieg f\u00fcr Luca Harter vom Rad-Team Stadtwerke Unna.<\/p><p><a class=\"more-link btn\" href=\"https:\/\/radsportbezirk-westfalen-mitte.de\/wordpress\/7362\/\">Weiterlesen<\/a><\/p>\n","protected":false},"author":1,"featured_media":0,"comment_status":"closed","ping_status":"closed","sticky":false,"template":"","format":"standard","meta":{"footnotes":""},"categories":[33],"tags":[260,266,335,362,71,163,197,203,259],"class_list":["post-7362","post","type-post","status-publish","format-standard","hentry","category-rennsport","tag-em","tag-bahn","tag-lucas-liss","tag-sven-harteer","tag-rsv-unna","tag-163","tag-cross","tag-luca-harter","tag-charlotte-becker","wp-image-borders","item-wrap"],"_links":{"self":[{"href":"https:\/\/radsportbezirk-westfalen-mitte.de\/wordpress\/wp-json\/wp\/v2\/posts\/7362","targetHints":{"allow":["GET"]}}],"collection":[{"href":"https:\/\/radsportbezirk-westfalen-mitte.de\/wordpress\/wp-json\/wp\/v2\/posts"}],"about":[{"href":"https:\/\/radsportbezirk-westfalen-mitte.de\/wordpress\/wp-json\/wp\/v2\/types\/post"}],"author":[{"embeddable":true,"href":"https:\/\/radsportbezirk-westfalen-mitte.de\/wordpress\/wp-json\/wp\/v2\/users\/1"}],"replies":[{"embeddable":true,"href":"https:\/\/radsportbezirk-westfalen-mitte.de\/wordpress\/wp-json\/wp\/v2\/comments?post=7362"}],"version-history":[{"count":2,"href":"https:\/\/radsportbezirk-westfalen-mitte.de\/wordpress\/wp-json\/wp\/v2\/posts\/7362\/revisions"}],"predecessor-version":[{"id":9569,"href":"https:\/\/radsportbezirk-westfalen-mitte.de\/wordpress\/wp-json\/wp\/v2\/posts\/7362\/revisions\/9569"}],"wp:attachment":[{"href":"https:\/\/radsportbezirk-westfalen-mitte.de\/wordpress\/wp-json\/wp\/v2\/media?parent=7362"}],"wp:term":[{"taxonomy":"category","embeddable":true,"href":"https:\/\/radsportbezirk-westfalen-mitte.de\/wordpress\/wp-json\/wp\/v2\/categories?post=7362"},{"taxonomy":"post_tag","embeddable":true,"href":"https:\/\/radsportbezirk-westfalen-mitte.de\/wordpress\/wp-json\/wp\/v2\/tags?post=7362"}],"curies":[{"name":"wp","href":"https:\/\/api.w.org\/{rel}","templated":true}]}}