{"id":7326,"date":"2017-08-24T10:31:57","date_gmt":"2017-08-24T08:31:57","guid":{"rendered":"http:\/\/radsportbezirk-westfalen-mitte.de\/wordpress\/?p=7326"},"modified":"2019-04-22T12:21:19","modified_gmt":"2019-04-22T10:21:19","slug":"justin-wolf-verpasst-em-medaille-knapp","status":"publish","type":"post","link":"https:\/\/radsportbezirk-westfalen-mitte.de\/wordpress\/7326\/","title":{"rendered":"Justin Wolf verpasst EM Medaille knapp"},"content":{"rendered":"<p>Lange schien die Bronzemedaille m\u00f6glich zu sein. Am Ende fehlten Justin Wolf vom RSV Unna 166m zum Treppchen bei den Europameisterschaften.<\/p>\n<p><!--more--><\/p>\n<p>Es war seine erste internationale Meisterschaft &#8211; die Europameisterschaft im Derny. Eine von Taktik, Teamwork, Kraft, Ausdauer und Schnelligkeit gepr\u00e4gte Radsportdisziplin. Was f\u00fcr Justin Wolf vor drei Monaten mit einer spontanen Idee begann, h\u00e4tte ihn am Samstag in Hannover-W\u00fclfel fast die Bronzemedaille beschert.<\/p>\n<p>\u00dcber zwei Deutschland-Derny-Cups in Hannover hatte sich Wolf bekanntlich f\u00fcr die Europameisterschaft qualifiziert. Am Samstag kam es dann auf der 53 Jahre alten Bahn in Hannover zum Showdown der Derny-Elite. \u201eIch war schon ganz sch\u00f6n nerv\u00f6s vor dem Rennen. So etwas kenne ich von mir eigentlich nicht\u201c, so Wolf in einem ersten Gespr\u00e4ch. \u201eIch habe mich richtig gut vorbereitet gef\u00fchlt. Geholfen hatte dabei der BDR Lehrgang auf der Bahn und eine Ver\u00e4nderung meiner Position. In Hannover waren wir mit drei Dernys die Nation mit den meisten Startern. Nat\u00fcrlich haben wir vorher eine Taktik abgestimmt. Dabei wollte Achim Burkart, der dt. Meister, einen schnellen Start hinlegen und wir sollten hinten die anderen Blocken.\u201c<\/p>\n<p>Was sich mit Blocken so leicht anh\u00f6rt bedeutet, dass man den Anderen das \u00dcberholen erschwert, sie auf der Au\u00dfenbahn festnagelt und sie so deutlich mehr Distanz fahren m\u00fcssen.<\/p>\n<p>\u201eLeider ist es nicht so gekommen. Ich habe am Anfang gar keinen Rhythmus gefunden. Der Tritt fiel mir unheimlich schwer und so kam ich auch nicht richtig ans Derny. Ich musste k\u00e4mpfen, bin dann aber doch geplatzt und habe schnell zwei Runden verloren. Zur Rennmitte lag ich dennoch auf Platz 5, zusammen mit einem Briten. Die ersten drei waren schon weit weg. Dann musste nach 66 von 120 Runden das Rennen unterbrochen werden, da eine Holplanke gebrochen war. Das hat mir geholfen. Beim Neustart konnte ich dann wieder stark mitfahren. Als dann der sp\u00e4tere Dritte aus der Spitze flog konnte ich schnell eineinhalb Runden auf ihn aufholen. Es fehlten am Ende nur noch 166 m und ich h\u00e4tte den deutschen Dreifacherfolg perfekt gemacht.\u201c<\/p>\n<p>W\u00e4hrend der Dt. Meist Achim Burkart den Europameistertitel gewann sicherte sich Christoph Schweizer, Teamkollege von Aaron Grosser und Felix Happke im Team Sauerland NRW, die Silbermedaille. Justin Wolf rundete mit Platz 4 das herausragende deutsche Ergebnis ab. \u201eUnsere Taktik ist voll aufgegangen und dieses Ergebnis bei der Heim-EM ist etwas ganz Besonderes\u201c, so Mario Vonhof, Beauftragter f\u00fcr Steher- und Dernysport im Bund Deutscher Radfahrer.<\/p>\n<p>&nbsp;<\/p>\n<p>&nbsp;<\/p>\n<p>&nbsp;<\/p>\n<p>&nbsp;<\/p>\n<p>&nbsp;<\/p>\n<h2 align=\"center\"><strong><em>Text: RSV Unna<\/em><\/strong><\/h2>\n<p>&nbsp;<\/p>\n<p>&nbsp;<\/p>\n<p>&nbsp;<\/p>\n<p>&nbsp;<\/p>\n<p>&nbsp;<\/p>\n","protected":false},"excerpt":{"rendered":"<p>Lange schien die Bronzemedaille m\u00f6glich zu sein. Am Ende fehlten Justin Wolf vom RSV Unna 166m zum Treppchen bei den Europameisterschaften.<\/p><p><a class=\"more-link btn\" href=\"https:\/\/radsportbezirk-westfalen-mitte.de\/wordpress\/7326\/\">Weiterlesen<\/a><\/p>\n","protected":false},"author":1,"featured_media":0,"comment_status":"closed","ping_status":"closed","sticky":false,"template":"","format":"standard","meta":{"footnotes":""},"categories":[28],"tags":[71,163,210,260,693],"class_list":["post-7326","post","type-post","status-publish","format-standard","hentry","category-strassenrennsport","tag-rsv-unna","tag-163","tag-justin-wolf","tag-em","tag-derny","wp-image-borders","item-wrap"],"_links":{"self":[{"href":"https:\/\/radsportbezirk-westfalen-mitte.de\/wordpress\/wp-json\/wp\/v2\/posts\/7326","targetHints":{"allow":["GET"]}}],"collection":[{"href":"https:\/\/radsportbezirk-westfalen-mitte.de\/wordpress\/wp-json\/wp\/v2\/posts"}],"about":[{"href":"https:\/\/radsportbezirk-westfalen-mitte.de\/wordpress\/wp-json\/wp\/v2\/types\/post"}],"author":[{"embeddable":true,"href":"https:\/\/radsportbezirk-westfalen-mitte.de\/wordpress\/wp-json\/wp\/v2\/users\/1"}],"replies":[{"embeddable":true,"href":"https:\/\/radsportbezirk-westfalen-mitte.de\/wordpress\/wp-json\/wp\/v2\/comments?post=7326"}],"version-history":[{"count":2,"href":"https:\/\/radsportbezirk-westfalen-mitte.de\/wordpress\/wp-json\/wp\/v2\/posts\/7326\/revisions"}],"predecessor-version":[{"id":11022,"href":"https:\/\/radsportbezirk-westfalen-mitte.de\/wordpress\/wp-json\/wp\/v2\/posts\/7326\/revisions\/11022"}],"wp:attachment":[{"href":"https:\/\/radsportbezirk-westfalen-mitte.de\/wordpress\/wp-json\/wp\/v2\/media?parent=7326"}],"wp:term":[{"taxonomy":"category","embeddable":true,"href":"https:\/\/radsportbezirk-westfalen-mitte.de\/wordpress\/wp-json\/wp\/v2\/categories?post=7326"},{"taxonomy":"post_tag","embeddable":true,"href":"https:\/\/radsportbezirk-westfalen-mitte.de\/wordpress\/wp-json\/wp\/v2\/tags?post=7326"}],"curies":[{"name":"wp","href":"https:\/\/api.w.org\/{rel}","templated":true}]}}