{"id":7325,"date":"2017-08-03T10:47:00","date_gmt":"2017-08-03T08:47:00","guid":{"rendered":"http:\/\/radsportbezirk-westfalen-mitte.de\/wordpress\/?p=7325"},"modified":"2019-03-15T12:12:30","modified_gmt":"2019-03-15T11:12:30","slug":"mountainbike-jugendtraining-im-bikepark-aplerbeck","status":"publish","type":"post","link":"https:\/\/radsportbezirk-westfalen-mitte.de\/wordpress\/7325\/","title":{"rendered":"Mountainbike-Jugendtraining im Bikepark Aplerbeck"},"content":{"rendered":"<p>Die MTB-Gruppe des ASC 09 Dortmund bietet in Kooperation mit dem Jugendamt der Stadt Dortmund ein offenes Mountainbike-Jugendtraining im Bikepark Aplerbeck an.<\/p>\n<p><!--more--><\/p>\n<ul>\n<li><strong><em>Termin:<\/em><\/strong> Freitags, 01.09.2017 &#8211; 20.12.2017, 17:00 &#8211; 20:00 Uhr<\/li>\n<li><strong><em>Ort:<\/em><\/strong> Bikepark Aplerbeck, Benediktinerstra\u00dfe 82, 44287 Dortmund-Aplerbeck<\/li>\n<li><strong><em>Was:<\/em><\/strong> Fahrtraining, Fahrtechnik, Biketechnik<\/li>\n<li><strong><em>Wer:<\/em><\/strong> alle interessierten Kinder und Jugendliche<\/li>\n<\/ul>\n<p>Jugendliche unter 18 Jahren ben\u00f6tigen eine Einverst\u00e4ndniserkl\u00e4rung ihrer Eltern.<br \/>\nFahrrad, Helm und Handschuhe m\u00fcssen mitgebracht werden!<\/p>\n<p>&nbsp;<\/p>\n<p style=\"padding-left: 40px;\"><a href=\"http:\/\/www.lokalkompass.de\/dortmund-sued\/sport\/mountainbike-jugendtraining-im-bikepark-aplerbeck-d776012.html\" target=\"_blank\" rel=\"noopener noreferrer\"><em>http:\/\/www.lokalkompass.de\/dortmund-sued\/sport\/mountainbike-jugendtraining-im-bikepark-aplerbeck-d776012.html<\/em><\/a><\/p>\n<p>&nbsp;<\/p>\n<p>Mit sportlichen Gr\u00fc\u00dfen<\/p>\n<p><strong>Jens Kl\u00fch<\/strong><br \/>\n<em>Abteilungsleiter MTB<\/em><\/p>\n<p>&nbsp;<\/p>\n<p style=\"text-align: center;\"><img decoding=\"async\" class=\" size-full wp-image-7323\" style=\"border: 1px solid black;\" src=\"http:\/\/radsportbezirk-westfalen-mitte.de\/wordpress\/wp-content\/uploads\/2017\/08\/Flyer-Vorderseite-A6.jpg\" width=\"500\" height=\"693.745\" border=\"1\" srcset=\"https:\/\/radsportbezirk-westfalen-mitte.de\/wordpress\/wp-content\/uploads\/2017\/08\/Flyer-Vorderseite-A6.jpg 1311w, https:\/\/radsportbezirk-westfalen-mitte.de\/wordpress\/wp-content\/uploads\/2017\/08\/Flyer-Vorderseite-A6-216x300.jpg 216w, https:\/\/radsportbezirk-westfalen-mitte.de\/wordpress\/wp-content\/uploads\/2017\/08\/Flyer-Vorderseite-A6-768x1066.jpg 768w, https:\/\/radsportbezirk-westfalen-mitte.de\/wordpress\/wp-content\/uploads\/2017\/08\/Flyer-Vorderseite-A6-738x1024.jpg 738w\" sizes=\"(max-width: 1311px) 100vw, 1311px\" \/><\/p>\n<p style=\"text-align: center;\"><img decoding=\"async\" class=\" size-full wp-image-7324\" style=\"border: 1px solid black;\" src=\"http:\/\/radsportbezirk-westfalen-mitte.de\/wordpress\/wp-content\/uploads\/2017\/08\/Flyer-Ruckseite-A6.jpg\" width=\"500\" height=\"693.745\" border=\"1\" srcset=\"https:\/\/radsportbezirk-westfalen-mitte.de\/wordpress\/wp-content\/uploads\/2017\/08\/Flyer-Ruckseite-A6.jpg 1311w, https:\/\/radsportbezirk-westfalen-mitte.de\/wordpress\/wp-content\/uploads\/2017\/08\/Flyer-Ruckseite-A6-216x300.jpg 216w, https:\/\/radsportbezirk-westfalen-mitte.de\/wordpress\/wp-content\/uploads\/2017\/08\/Flyer-Ruckseite-A6-768x1066.jpg 768w, https:\/\/radsportbezirk-westfalen-mitte.de\/wordpress\/wp-content\/uploads\/2017\/08\/Flyer-Ruckseite-A6-738x1024.jpg 738w\" sizes=\"(max-width: 1311px) 100vw, 1311px\" \/><\/p>\n<p>&nbsp;<\/p>\n<p>&nbsp;<\/p>\n<p>&nbsp;<\/p>\n<p>&nbsp;<\/p>\n<p>&nbsp;<\/p>\n","protected":false},"excerpt":{"rendered":"<p>Die MTB-Gruppe des ASC 09 Dortmund bietet in Kooperation mit dem Jugendamt der Stadt Dortmund ein offenes Mountainbike-Jugendtraining im Bikepark Aplerbeck an.<\/p><p><a class=\"more-link btn\" href=\"https:\/\/radsportbezirk-westfalen-mitte.de\/wordpress\/7325\/\">Weiterlesen<\/a><\/p>\n","protected":false},"author":1,"featured_media":0,"comment_status":"closed","ping_status":"closed","sticky":false,"template":"","format":"standard","meta":{"footnotes":""},"categories":[44],"tags":[253,375,83,163,214],"class_list":["post-7325","post","type-post","status-publish","format-standard","hentry","category-jugendradsport","tag-bikepark-aplerbeck","tag-jugendtraining","tag-asc-dortmund","tag-163","tag-mtb","wp-image-borders","item-wrap"],"_links":{"self":[{"href":"https:\/\/radsportbezirk-westfalen-mitte.de\/wordpress\/wp-json\/wp\/v2\/posts\/7325","targetHints":{"allow":["GET"]}}],"collection":[{"href":"https:\/\/radsportbezirk-westfalen-mitte.de\/wordpress\/wp-json\/wp\/v2\/posts"}],"about":[{"href":"https:\/\/radsportbezirk-westfalen-mitte.de\/wordpress\/wp-json\/wp\/v2\/types\/post"}],"author":[{"embeddable":true,"href":"https:\/\/radsportbezirk-westfalen-mitte.de\/wordpress\/wp-json\/wp\/v2\/users\/1"}],"replies":[{"embeddable":true,"href":"https:\/\/radsportbezirk-westfalen-mitte.de\/wordpress\/wp-json\/wp\/v2\/comments?post=7325"}],"version-history":[{"count":2,"href":"https:\/\/radsportbezirk-westfalen-mitte.de\/wordpress\/wp-json\/wp\/v2\/posts\/7325\/revisions"}],"predecessor-version":[{"id":9601,"href":"https:\/\/radsportbezirk-westfalen-mitte.de\/wordpress\/wp-json\/wp\/v2\/posts\/7325\/revisions\/9601"}],"wp:attachment":[{"href":"https:\/\/radsportbezirk-westfalen-mitte.de\/wordpress\/wp-json\/wp\/v2\/media?parent=7325"}],"wp:term":[{"taxonomy":"category","embeddable":true,"href":"https:\/\/radsportbezirk-westfalen-mitte.de\/wordpress\/wp-json\/wp\/v2\/categories?post=7325"},{"taxonomy":"post_tag","embeddable":true,"href":"https:\/\/radsportbezirk-westfalen-mitte.de\/wordpress\/wp-json\/wp\/v2\/tags?post=7325"}],"curies":[{"name":"wp","href":"https:\/\/api.w.org\/{rel}","templated":true}]}}