{"id":7322,"date":"2017-08-01T07:41:27","date_gmt":"2017-08-01T05:41:27","guid":{"rendered":"http:\/\/radsportbezirk-westfalen-mitte.de\/wordpress\/?p=7322"},"modified":"2019-03-15T12:24:15","modified_gmt":"2019-03-15T11:24:15","slug":"1-mountainbikerennen-an-der-feldmark-in-bochum","status":"publish","type":"post","link":"https:\/\/radsportbezirk-westfalen-mitte.de\/wordpress\/7322\/","title":{"rendered":"1. Mountainbikerennen an der Feldmark in Bochum"},"content":{"rendered":"<p>Der Sparkassen-Giro lockte am vergangenen Wochenende <em>[30.07.2017]<\/em> wieder Tausende Radsportfans in die Bochumer Innenstadt. Doch mit dem Giro sind die Radsportereignisse in Bochum f\u00fcr dieses Jahr noch l\u00e4ngst nicht abgeschlossen.<\/p>\n<p><!--more--><\/p>\n<p>Am 10. September veranstaltet der Mountainbike Club Bochum e.V. erstmals ein Mountainbikerennen auf dem Walter-Lohmann-Ring im Herzen von Bochum. Auf der Radsportstrecke an der Feldmark nahe dem Hauptfriedhof werden \u00fcber 100 Teilnehmer erwartet. Im Fokus stehen hier spannende Rennen der Nachwuchsklassen. Wer sichert sich die Punkte um das Leader-Trikot im NRW-Cup der Sch\u00fcler? Bei einem Kombinationswettkampf, bestehend aus einem Technikwettbewerb und einem darauffolgenden Sprint, zeigt sich wer sein Rad wirklich beherrscht.<\/p>\n<p>Aber auch die J\u00fcngsten kommen auf ihre Kosten. Ganz ohne Mountainbike-Kenntnisse darf im Kids (U9) und Bambini-Rennen (U7) unter dem Jubel der Zuschauer auch schon mit dem Laufrad gestartet werden. Hier ist jeder Fahrer ein Sieger! Im Jedermannrennen machen sich auch die Erwachsenen auf die Jagd nach einem neuen Rundenrekord.<\/p>\n<p>Der Mountainbike Club Bochum e.V. feiert in diesem Jahr sein 20j\u00e4hriges Bestehen, in Veranstalterkreisen ist er l\u00e4ngst kein unbeschriebenes Blatt. Mit dem ABUS-Ruhrbike-Festival in Wetter (Ruhr) hat er bereits unz\u00e4hlige Meisterschaften, Bundesligarennen und Jedermannrennen mit weit \u00fcber 1000 Teilnehmern veranstaltet.<\/p>\n<p>\u201eDa wir vor rund einem Jahr mit dem Walter-Lohmann-Ring eine neue Trainingsst\u00e4tte f\u00fcr unsere Jugend gefunden haben, wurde es Zeit sich mit einer Rennveranstaltung auch in unserer Heimatstadt vermehrt zu engagieren.\u201c, so Organisator Nils Sch\u00e4fer. Knapp 20 Kinder und Jugendliche sind w\u00f6chentlich beim Jugendtraining auf der Radstrecke und am Kemnader See unterwegs. Au\u00dferdem bietet der Verein ein stark nachgefragtes Kursangebot. Vom Kurs Erste Hilfe Mountainbike f\u00fcr Kids \u00fcber Fahrtechnik-Seminare bis zur Kulinarischen Mountainbike-Tour ist hier alles dabei.<\/p>\n<p align=\"center\"><strong>Infos und Anmeldung: <em><a href=\"http:\/\/www.mbc-bochum.de\" target=\"_blank\" rel=\"noopener noreferrer\">www.mbc-bochum.de<\/a><\/em><\/strong><\/p>\n<p style=\"text-align: center;\">\u00a0<img loading=\"lazy\" decoding=\"async\" class=\"alignnone wp-image-7318\" style=\"border: 1px solid black;\" src=\"http:\/\/radsportbezirk-westfalen-mitte.de\/wordpress\/wp-content\/uploads\/2017\/08\/2017-07-31_1_Foto1.jpg\" alt=\"\" width=\"500\" height=\"333\" border=\"1\" srcset=\"https:\/\/radsportbezirk-westfalen-mitte.de\/wordpress\/wp-content\/uploads\/2017\/08\/2017-07-31_1_Foto1.jpg 1500w, https:\/\/radsportbezirk-westfalen-mitte.de\/wordpress\/wp-content\/uploads\/2017\/08\/2017-07-31_1_Foto1-300x200.jpg 300w, https:\/\/radsportbezirk-westfalen-mitte.de\/wordpress\/wp-content\/uploads\/2017\/08\/2017-07-31_1_Foto1-768x512.jpg 768w, https:\/\/radsportbezirk-westfalen-mitte.de\/wordpress\/wp-content\/uploads\/2017\/08\/2017-07-31_1_Foto1-1024x683.jpg 1024w\" sizes=\"auto, (max-width: 500px) 100vw, 500px\" \/><br \/>\n<em>Nachwuchsfahrer Lennart Held beim Training auf dem Walter-Lohmann-Ring<\/em><\/p>\n<p>&nbsp;<\/p>\n<p style=\"text-align: center;\"><img loading=\"lazy\" decoding=\"async\" class=\"alignnone wp-image-7319\" style=\"border: 1px solid black;\" src=\"http:\/\/radsportbezirk-westfalen-mitte.de\/wordpress\/wp-content\/uploads\/2017\/08\/2017-07-31_1_Foto2.jpg\" alt=\"\" width=\"500\" height=\"333\" border=\"1\" srcset=\"https:\/\/radsportbezirk-westfalen-mitte.de\/wordpress\/wp-content\/uploads\/2017\/08\/2017-07-31_1_Foto2.jpg 1500w, https:\/\/radsportbezirk-westfalen-mitte.de\/wordpress\/wp-content\/uploads\/2017\/08\/2017-07-31_1_Foto2-300x200.jpg 300w, https:\/\/radsportbezirk-westfalen-mitte.de\/wordpress\/wp-content\/uploads\/2017\/08\/2017-07-31_1_Foto2-768x512.jpg 768w, https:\/\/radsportbezirk-westfalen-mitte.de\/wordpress\/wp-content\/uploads\/2017\/08\/2017-07-31_1_Foto2-1024x683.jpg 1024w\" sizes=\"auto, (max-width: 500px) 100vw, 500px\" \/><br \/>\n<em>Nachwuchsgruppe beim Training auf dem Walter-Lohmann-Ring<br \/>\n<\/em><\/p>\n<p>&nbsp;<\/p>\n<p style=\"text-align: center;\"><img loading=\"lazy\" decoding=\"async\" class=\"alignnone wp-image-7320\" style=\"border: 1px solid black;\" src=\"http:\/\/radsportbezirk-westfalen-mitte.de\/wordpress\/wp-content\/uploads\/2017\/08\/2017-07-31_1_Foto3.jpg\" alt=\"\" width=\"500\" height=\"332\" border=\"1\" srcset=\"https:\/\/radsportbezirk-westfalen-mitte.de\/wordpress\/wp-content\/uploads\/2017\/08\/2017-07-31_1_Foto3.jpg 1000w, https:\/\/radsportbezirk-westfalen-mitte.de\/wordpress\/wp-content\/uploads\/2017\/08\/2017-07-31_1_Foto3-300x199.jpg 300w, https:\/\/radsportbezirk-westfalen-mitte.de\/wordpress\/wp-content\/uploads\/2017\/08\/2017-07-31_1_Foto3-768x510.jpg 768w\" sizes=\"auto, (max-width: 500px) 100vw, 500px\" \/><br \/>\n<em>Start der Kids beim ABUS-Ruhrbike-Festival<\/em><\/p>\n<p>&nbsp;<\/p>\n<p style=\"text-align: center;\"><img loading=\"lazy\" decoding=\"async\" class=\"alignnone wp-image-7321\" style=\"border: 1px solid black;\" src=\"http:\/\/radsportbezirk-westfalen-mitte.de\/wordpress\/wp-content\/uploads\/2017\/08\/2017-07-31_1_Foto4.jpg\" alt=\"\" width=\"500\" height=\"333\" border=\"1\" srcset=\"https:\/\/radsportbezirk-westfalen-mitte.de\/wordpress\/wp-content\/uploads\/2017\/08\/2017-07-31_1_Foto4.jpg 1500w, https:\/\/radsportbezirk-westfalen-mitte.de\/wordpress\/wp-content\/uploads\/2017\/08\/2017-07-31_1_Foto4-300x200.jpg 300w, https:\/\/radsportbezirk-westfalen-mitte.de\/wordpress\/wp-content\/uploads\/2017\/08\/2017-07-31_1_Foto4-768x512.jpg 768w, https:\/\/radsportbezirk-westfalen-mitte.de\/wordpress\/wp-content\/uploads\/2017\/08\/2017-07-31_1_Foto4-1024x683.jpg 1024w\" sizes=\"auto, (max-width: 500px) 100vw, 500px\" \/><br \/>\n<em>Technikwettbewerb beim ABUS-Ruhrbike-Festival<br \/>\n<\/em><\/p>\n<p>&nbsp;<\/p>\n<p align=\"center\"><a href=\"http:\/\/radsportbezirk-westfalen-mitte.de\/wordpress\/wp-content\/uploads\/2016\/03\/2016_kurse_mbc-bochum.jpg\"><img loading=\"lazy\" decoding=\"async\" class=\"aligncenter wp-image-7013\" style=\"border: 1px solid black;\" src=\"http:\/\/radsportbezirk-westfalen-mitte.de\/wordpress\/wp-content\/uploads\/2016\/03\/2016_kurse_mbc-bochum.jpg\" alt=\"\" width=\"375\" height=\"500\" border=\"0\" \/><\/a><\/p>\n<p>&nbsp;<\/p>\n<p>&nbsp;<\/p>\n<p>&nbsp;<\/p>\n<p>&nbsp;<\/p>\n<p>&nbsp;<\/p>\n<h3 align=\"center\"><em><strong>Text und Fotos: Nils Sch\u00e4fer<\/strong><\/em><\/h3>\n<p>&nbsp;<\/p>\n<p>&nbsp;<\/p>\n<p>&nbsp;<\/p>\n<p>&nbsp;<\/p>\n<p>&nbsp;<\/p>\n<!-- WP Attachments -->\r\n        <div style=\"width:100%;margin:10px 0 10px 0;\">\r\n            <h3>***<\/h3>\r\n        <ul class=\"post-attachments\"><li class=\"post-attachment mime-application-pdf\"><small><i><a target=\"_blank\" rel=\"noopener noreferrer\" href=\"https:\/\/radsportbezirk-westfalen-mitte.de\/wordpress\/wp-content\/uploads\/2017\/08\/2017-07-31_Pressebericht-Mountainbikerennen_auf_dem_Walter-Lohmann-Ring.pdf\">2017-07-31_Pressebericht-Mountainbikerennen_auf_dem_Walter-Lohmann-Ring<\/a><\/i><\/small><\/li><\/ul><\/div>","protected":false},"excerpt":{"rendered":"<p>Der Sparkassen-Giro lockte am vergangenen Wochenende [30.07.2017] wieder Tausende Radsportfans in die Bochumer Innenstadt. Doch mit dem Giro sind die Radsportereignisse in Bochum f\u00fcr dieses Jahr noch l\u00e4ngst nicht abgeschlossen.<\/p>\n<p> *** <\/p><p><a class=\"more-link btn\" href=\"https:\/\/radsportbezirk-westfalen-mitte.de\/wordpress\/7322\/\">Weiterlesen<\/a><\/p>\n<ul class=\"post-attachments\">\n<li class=\"post-attachment mime-application-pdf\"><i>2017-07-31_Pressebericht-Mountainbikerennen_auf_dem_Walter-Lohmann-Ring<\/i><\/li>\n<\/ul>\n","protected":false},"author":1,"featured_media":0,"comment_status":"closed","ping_status":"closed","sticky":false,"template":"","format":"standard","meta":{"footnotes":""},"categories":[43],"tags":[163,214,330,376],"class_list":["post-7322","post","type-post","status-publish","format-standard","hentry","category-mtb","tag-163","tag-mtb","tag-mbc-bochum","tag-walter-lohmann-ring","wp-image-borders","item-wrap"],"_links":{"self":[{"href":"https:\/\/radsportbezirk-westfalen-mitte.de\/wordpress\/wp-json\/wp\/v2\/posts\/7322","targetHints":{"allow":["GET"]}}],"collection":[{"href":"https:\/\/radsportbezirk-westfalen-mitte.de\/wordpress\/wp-json\/wp\/v2\/posts"}],"about":[{"href":"https:\/\/radsportbezirk-westfalen-mitte.de\/wordpress\/wp-json\/wp\/v2\/types\/post"}],"author":[{"embeddable":true,"href":"https:\/\/radsportbezirk-westfalen-mitte.de\/wordpress\/wp-json\/wp\/v2\/users\/1"}],"replies":[{"embeddable":true,"href":"https:\/\/radsportbezirk-westfalen-mitte.de\/wordpress\/wp-json\/wp\/v2\/comments?post=7322"}],"version-history":[{"count":5,"href":"https:\/\/radsportbezirk-westfalen-mitte.de\/wordpress\/wp-json\/wp\/v2\/posts\/7322\/revisions"}],"predecessor-version":[{"id":9608,"href":"https:\/\/radsportbezirk-westfalen-mitte.de\/wordpress\/wp-json\/wp\/v2\/posts\/7322\/revisions\/9608"}],"wp:attachment":[{"href":"https:\/\/radsportbezirk-westfalen-mitte.de\/wordpress\/wp-json\/wp\/v2\/media?parent=7322"}],"wp:term":[{"taxonomy":"category","embeddable":true,"href":"https:\/\/radsportbezirk-westfalen-mitte.de\/wordpress\/wp-json\/wp\/v2\/categories?post=7322"},{"taxonomy":"post_tag","embeddable":true,"href":"https:\/\/radsportbezirk-westfalen-mitte.de\/wordpress\/wp-json\/wp\/v2\/tags?post=7322"}],"curies":[{"name":"wp","href":"https:\/\/api.w.org\/{rel}","templated":true}]}}