{"id":7314,"date":"2017-07-06T08:35:04","date_gmt":"2017-07-06T06:35:04","guid":{"rendered":"http:\/\/radsportbezirk-westfalen-mitte.de\/wordpress\/?p=7314"},"modified":"2019-03-18T11:49:31","modified_gmt":"2019-03-18T10:49:31","slug":"erste-hilfe-outdoor","status":"publish","type":"post","link":"https:\/\/radsportbezirk-westfalen-mitte.de\/wordpress\/7314\/","title":{"rendered":"Erste-Hilfe-Outdoor"},"content":{"rendered":"<p>Die MTB-Gruppe des ASC 09 Dortmund bietet in Kooperation mit dem StadtSportBund Dortmund und der Johanniter Unfallhilfe einen Outdoor-Erste-Hilfe-Kurs an.<\/p>\n<table border=\"1\" width=\"50%\" cellspacing=\"2\" cellpadding=\"5\">\n<tbody>\n<tr>\n<td width=\"25%\"><strong>Termin:<\/strong><\/td>\n<td width=\"75%\">01.09.2017 \u2013 03.09.2017 <em>(Freitag bis Sonntag)<\/em><\/td>\n<\/tr>\n<tr>\n<td width=\"25%\"><strong>Ort:<\/strong><\/td>\n<td width=\"75%\">Dortmund<\/td>\n<\/tr>\n<\/tbody>\n<\/table>\n<p><!--more--><\/p>\n<p>Lizenzverl\u00e4ngerung f\u00fcr JL\/\u00dcL\/Trainer m\u00f6glich<br \/>\nBescheinigung f\u00fcr F\u00fchrerschein incl.<\/p>\n<p><strong><em>Inhalte:<\/em><\/strong><\/p>\n<ul>\n<li>Verhalten am Notfallort<\/li>\n<li>Euro Notruf und andere M\u00f6glichkeiten der Verst\u00e4ndigung<\/li>\n<li>Koordinierung eines Gesamteinsatzes<\/li>\n<li>Verhalten beim Polytraumpatienten mit und ohne Betreuung<\/li>\n<li>Kennzeichnung von Landepl\u00e4tzen f\u00fcr Rettungshubschrauber<\/li>\n<li>Umgang mit einfachsten Materialien<\/li>\n<li>Tragetechniken f\u00fcr verletzte Personen<\/li>\n<li>Herz-Lungen Wiederbelebung mit \u00dcbungen am Phantom<\/li>\n<li>Wundversorgungsma\u00dfnahmen von A &#8211; bis Z<\/li>\n<li>Ma\u00dfnahmen und Verhalten beim Absturz aus gro\u00dfer H\u00f6he<\/li>\n<li>Versorgung von Skelett- und Knochenverletzungen<\/li>\n<li>Versorgung von Hitze und K\u00e4ltesch\u00e4den<\/li>\n<\/ul>\n<p><em>Erste Hilfe Kit:<\/em> Inhalt eines Notfallsets, Einsatz spezieller Medikamente, physikalische Anwendungen<\/p>\n<p>Wir werden den Inhalt anschaulich und praxisnah vermitteln und den Teilnehmern gen\u00fcgend M\u00f6glichkeit geben, gelerntes in die Praxis umzusetzen.<\/p>\n<p>Infos und Anmeldung hier:<\/p>\n<p><a href=\"https:\/\/www.qualifizierung-im-sport.de\/angebote\/qualifizierung\/dosb-sportpraxis\/fortbildungen-1-lizenzstufe\/sportpraxis-kinder-jugendliche\/g2017-5002-2212\/\" target=\"_blank\" rel=\"noopener noreferrer\"><em>https:\/\/www.qualifizierung-im-sport.de\/angebote\/qualifizierung\/dosb-sportpraxis\/fortbildungen-1-lizenzstufe\/sportpraxis-kinder-jugendliche\/g2017-5002-2212\/<\/em><\/a><\/p>\n<p>&nbsp;<\/p>\n<p>&nbsp;<\/p>\n<p>Mit sportlichen Gr\u00fc\u00dfen<\/p>\n<p><strong>Jens Kl\u00fch<\/strong><br \/>\n<em>Abteilungsleiter MTB<\/em><\/p>\n<p>&nbsp;<\/p>\n<p>&nbsp;<\/p>\n<p>&nbsp;<\/p>\n<p>&nbsp;<\/p>\n<p>&nbsp;<\/p>\n","protected":false},"excerpt":{"rendered":"<p>Die MTB-Gruppe des ASC 09 Dortmund bietet in Kooperation mit dem StadtSportBund Dortmund und der Johanniter Unfallhilfe einen Outdoor-Erste-Hilfe-Kurs an.<\/p>\n<p> Termin: 01.09.2017 \u2013 03.09.2017 (Freitag bis Sonntag) Ort: Dortmund<\/p><p><a class=\"more-link btn\" href=\"https:\/\/radsportbezirk-westfalen-mitte.de\/wordpress\/7314\/\">Weiterlesen<\/a><\/p>\n","protected":false},"author":1,"featured_media":0,"comment_status":"closed","ping_status":"closed","sticky":false,"template":"","format":"standard","meta":{"footnotes":""},"categories":[32],"tags":[83,163,380,381],"class_list":["post-7314","post","type-post","status-publish","format-standard","hentry","category-vereine","tag-asc-dortmund","tag-163","tag-erste-hilfe","tag-outdoor","wp-image-borders","item-wrap"],"_links":{"self":[{"href":"https:\/\/radsportbezirk-westfalen-mitte.de\/wordpress\/wp-json\/wp\/v2\/posts\/7314","targetHints":{"allow":["GET"]}}],"collection":[{"href":"https:\/\/radsportbezirk-westfalen-mitte.de\/wordpress\/wp-json\/wp\/v2\/posts"}],"about":[{"href":"https:\/\/radsportbezirk-westfalen-mitte.de\/wordpress\/wp-json\/wp\/v2\/types\/post"}],"author":[{"embeddable":true,"href":"https:\/\/radsportbezirk-westfalen-mitte.de\/wordpress\/wp-json\/wp\/v2\/users\/1"}],"replies":[{"embeddable":true,"href":"https:\/\/radsportbezirk-westfalen-mitte.de\/wordpress\/wp-json\/wp\/v2\/comments?post=7314"}],"version-history":[{"count":3,"href":"https:\/\/radsportbezirk-westfalen-mitte.de\/wordpress\/wp-json\/wp\/v2\/posts\/7314\/revisions"}],"predecessor-version":[{"id":9770,"href":"https:\/\/radsportbezirk-westfalen-mitte.de\/wordpress\/wp-json\/wp\/v2\/posts\/7314\/revisions\/9770"}],"wp:attachment":[{"href":"https:\/\/radsportbezirk-westfalen-mitte.de\/wordpress\/wp-json\/wp\/v2\/media?parent=7314"}],"wp:term":[{"taxonomy":"category","embeddable":true,"href":"https:\/\/radsportbezirk-westfalen-mitte.de\/wordpress\/wp-json\/wp\/v2\/categories?post=7314"},{"taxonomy":"post_tag","embeddable":true,"href":"https:\/\/radsportbezirk-westfalen-mitte.de\/wordpress\/wp-json\/wp\/v2\/tags?post=7314"}],"curies":[{"name":"wp","href":"https:\/\/api.w.org\/{rel}","templated":true}]}}