{"id":7309,"date":"2017-06-26T08:43:11","date_gmt":"2017-06-26T06:43:11","guid":{"rendered":"http:\/\/radsportbezirk-westfalen-mitte.de\/wordpress\/?p=7309"},"modified":"2019-03-24T10:41:29","modified_gmt":"2019-03-24T09:41:29","slug":"tour-de-menz","status":"publish","type":"post","link":"https:\/\/radsportbezirk-westfalen-mitte.de\/wordpress\/7309\/","title":{"rendered":"TOUR de Menz"},"content":{"rendered":"<p>Hallo an alle.<\/p>\n<p>Lothar Buddinger von TuS Westfalia S\u00f6lde bat mich, die Einladung zur TOUR de Menz am 5. Juli zu ver\u00f6ffentlichen.<\/p>\n<p><!--more--><\/p>\n<p>Punkte k\u00f6nnen nach dem Bezirkszielfahrtmodus vergeben werden. Sobald wir den genauen Zielpunkt in der Dortmunder Innenstadt kennen, werden wir Euch informieren. Bitte unterst\u00fctzt Lothar bei dieser tollen Veranstaltung durch Eure Teilnahme.<\/p>\n<p>Beste Gr\u00fc\u00dfe aus Werne<\/p>\n<p><strong>Peter Wenner <\/strong><br \/>\n<em>Fachwart RTF\/CTF<\/em><br \/>\n<em>Radsportbezirk Westfalen-Mitte e.V.<\/em><\/p>\n<p>&nbsp;<\/p>\n<hr \/>\n<p>&nbsp;<\/p>\n<p><strong>TOUR de Menz<br \/>\nam 05. Juli 2017 um 10.30 Uhr in Dortmund (Innenstadt)<\/strong><\/p>\n<p>Liebe Radsportlerinnen, liebe Radsportler,<\/p>\n<p>das vom Land gef\u00f6rderte Demenz-Servicezentrum NRW veranstaltet im Juli 2017 eine Radtour durch NRW, dabei werden alle 13 Demenzservicezentren angefahren. Ziel der Radtour ist es, zum einen die Arbeit der Demenzservicezentren bekannter zu machen und zum anderen auf die immer gr\u00f6\u00dfer werdende Zahl Demenzkranker Menschen und deren Probleme und Sorgen aber auch auf Hilfsm\u00f6glichkeiten aufmerksam zu machen.<\/p>\n<p>Aufgaben der Demenzservicezentren ist es, die h\u00e4usliche Situation von Menschen mit Demenz zu verbessern und die Angeh\u00f6rigen zu unterst\u00fctzen. Hierzu geh\u00f6ren Informations- und Qualifizierungsangebote sowie Angebote zur kleinr\u00e4umigen Strukturentwicklung und Netzwerkarbeit.<\/p>\n<p>Die Radtour und damit die Kampagne wird durch ein kleines Support- und Kamerateam sowie ggf. weitere Pressevertreter, unterst\u00fctzt. Die Ankunft in Dortmund wird f\u00fcr Mittwoch, 05. Juli um 10.30h in der Innenstadt (genauer Ort wird noch bekanntgegeben) erwartet.<\/p>\n<p>W\u00fcnschenswert w\u00e4re es, wenn m\u00f6glichst viele radsportbegeisterte Mitglieder aus den Vereinen des Bezirkes Westfalen-Mitte den Mitarbeiter des Demenzservicezentrum, Arnd Bader, auf einem Teil der Strecke begleiten k\u00f6nnten, so dass er nicht allein und orientierungslos (symbolisch) fahren muss. Der Kollege (Arnd Bader) startet morgens um 7.00 h von Bochum und wird 10.30 h in Dortmund sein. Weitere Infos folgen.<\/p>\n<p>&nbsp;<\/p>\n<p>Mit sportlichem Gru\u00df<\/p>\n<p><strong>Lothar Buddinger<\/strong><br \/>\n<em>TuS Westfalia-S\u00f6lde<\/em><br \/>\n<strong><em>Leiter Sozialpsychiatrischer Dienst M\u00e4rkischer Kreis<\/em><\/strong><\/p>\n<p>&nbsp;<\/p>\n<p>&nbsp;<\/p>\n<p>&nbsp;<\/p>\n<p>&nbsp;<\/p>\n<p>&nbsp;<\/p>\n<!-- WP Attachments -->\r\n        <div style=\"width:100%;margin:10px 0 10px 0;\">\r\n            <h3>***<\/h3>\r\n        <ul class=\"post-attachments\"><li class=\"post-attachment mime-application-vnd-openxmlformats-officedocument-wordprocessingml-document\"><small><i><a target=\"_blank\" rel=\"noopener noreferrer\" href=\"https:\/\/radsportbezirk-westfalen-mitte.de\/wordpress\/wp-content\/uploads\/2017\/06\/TOUR-de-Menz.docx\">TOUR de Menz<\/a><\/i><\/small><\/li><\/ul><\/div>","protected":false},"excerpt":{"rendered":"<p>Hallo an alle.<\/p>\n<p>Lothar Buddinger von TuS Westfalia S\u00f6lde bat mich, die Einladung zur TOUR de Menz am 5. Juli zu ver\u00f6ffentlichen.<\/p>\n<p> *** <\/p><p><a class=\"more-link btn\" href=\"https:\/\/radsportbezirk-westfalen-mitte.de\/wordpress\/7309\/\">Weiterlesen<\/a><\/p>\n<ul class=\"post-attachments\">\n<li class=\"post-attachment mime-application-vnd-openxmlformats-officedocument-wordprocessingml-document\"><i>TOUR de Menz<\/i><\/li>\n<\/ul>\n","protected":false},"author":1,"featured_media":0,"comment_status":"closed","ping_status":"closed","sticky":false,"template":"","format":"standard","meta":{"footnotes":""},"categories":[34],"tags":[163,383,384,385],"class_list":["post-7309","post","type-post","status-publish","format-standard","hentry","category-breitensport","tag-163","tag-tour-de-menz","tag-radtour-durch-nrw","tag-demenzservicezentren","wp-image-borders","item-wrap"],"_links":{"self":[{"href":"https:\/\/radsportbezirk-westfalen-mitte.de\/wordpress\/wp-json\/wp\/v2\/posts\/7309","targetHints":{"allow":["GET"]}}],"collection":[{"href":"https:\/\/radsportbezirk-westfalen-mitte.de\/wordpress\/wp-json\/wp\/v2\/posts"}],"about":[{"href":"https:\/\/radsportbezirk-westfalen-mitte.de\/wordpress\/wp-json\/wp\/v2\/types\/post"}],"author":[{"embeddable":true,"href":"https:\/\/radsportbezirk-westfalen-mitte.de\/wordpress\/wp-json\/wp\/v2\/users\/1"}],"replies":[{"embeddable":true,"href":"https:\/\/radsportbezirk-westfalen-mitte.de\/wordpress\/wp-json\/wp\/v2\/comments?post=7309"}],"version-history":[{"count":2,"href":"https:\/\/radsportbezirk-westfalen-mitte.de\/wordpress\/wp-json\/wp\/v2\/posts\/7309\/revisions"}],"predecessor-version":[{"id":9808,"href":"https:\/\/radsportbezirk-westfalen-mitte.de\/wordpress\/wp-json\/wp\/v2\/posts\/7309\/revisions\/9808"}],"wp:attachment":[{"href":"https:\/\/radsportbezirk-westfalen-mitte.de\/wordpress\/wp-json\/wp\/v2\/media?parent=7309"}],"wp:term":[{"taxonomy":"category","embeddable":true,"href":"https:\/\/radsportbezirk-westfalen-mitte.de\/wordpress\/wp-json\/wp\/v2\/categories?post=7309"},{"taxonomy":"post_tag","embeddable":true,"href":"https:\/\/radsportbezirk-westfalen-mitte.de\/wordpress\/wp-json\/wp\/v2\/tags?post=7309"}],"curies":[{"name":"wp","href":"https:\/\/api.w.org\/{rel}","templated":true}]}}