{"id":7297,"date":"2017-06-07T08:30:16","date_gmt":"2017-06-07T06:30:16","guid":{"rendered":"http:\/\/radsportbezirk-westfalen-mitte.de\/wordpress\/?p=7297"},"modified":"2019-03-24T11:04:25","modified_gmt":"2019-03-24T10:04:25","slug":"cologne-classic-2017-3-inklusive-paracycling-deutsche-meisterschaft","status":"publish","type":"post","link":"https:\/\/radsportbezirk-westfalen-mitte.de\/wordpress\/7297\/","title":{"rendered":"Cologne Classic 2017 &#8211; 3. inklusive Paracycling Deutsche Meisterschaft"},"content":{"rendered":"<p>Liebe Radsportfreunde,<\/p>\n<p>die 65. Cologne Classic sind erfolgreiche Geschichte &#8211; alle relevanten Informationen \u00fcber alle Rennen und Ergebnisse wie immer perfekt aufbereitet unter &#8211; <a href=\"http:\/\/my4.raceresult.com\/68957\/?lang=de\" target=\"_blank\" rel=\"noopener noreferrer\">http:\/\/my4.raceresult.com\/68957\/?lang=de#<\/a> -.<\/p>\n<p>F\u00fcr mich selbst sind beide Rennen &#8211; die als C1 &#8211; Paracycling Europacup und als DBS-Paracycling Deutsche Meisterschaften gewertet wurden sehr gut verlaufen.<\/p>\n<p><!--more--><\/p>\n<p>Am Samstag durfte ich um 14:04 Uhr von der unglaublich hohen Rampe auf den Terra Nova Speedway bei Elsdorf starten &#8211; 16 Kilometer flach, Anfang und Ende sehr eckig und dann kerzengerade gegen die Uhr &#8211; 26:33 Minuten &#8211; ein Schnitt von 36:45 Km\/h auf meinem Rio-Dreirad &#8211; nur Fliegen ist sch\u00f6ner.<\/p>\n<p>Durch die unterschiedlichen Wertungen durfte ich in der C1 Wertung zwischen 2 Damen aufs Podium, 12 Sekunden konnte ich vor der Australierin Carol Cooke und etwas mehr auf meine Dreirad-Kollegin aus Cottbus retten &#8211; gute 4. wurde unser Gast aus Schottland Hannah Dines &#8211; bei den Beiden war es wohl das gute Dortmunder Essen und die intensiven Trainingskilometer im Dortmunder S\u00fcden, die sie so erfolgreich abschneiden lie\u00dfen.<\/p>\n<p>In der Wertung Deutscher Meister 2017 konnte der offizielle UCI-Faktor Jana Majunke auf den 2. Platz und nat\u00fcrlich ohne Faktor belegte mein Freund und Sturm Hombruch Vereinskollege David Wiegmans den Bronzeplatz an diesem sonnigen Tag nahe der Braunkohlegewinnung.<\/p>\n<p>Der Sonntag sollte bei der 3. Paracycling Deutschen Meisterschaft in K\u00f6ln- Longerich ein wirklich spannendes Rennen bei Traumbedingungen bringen.<\/p>\n<p>Ein Blitzstart der beiden Cottbusser Lars Nikolay und Friedrich Freytag brachten unser &#8222;Dortmund Projekt&#8220; mit David Wiegmans durcheinander &#8211; gleich von Anfang an war viel Speed im Rennen &#8211; somit war unsere geplante &#8222;Attacke&#8220; durch David nicht mehr umsetzbar.<\/p>\n<p>Wir investierten viel in die Nachf\u00fchrarbeit &#8211; David wohl leider zu viel und so musste er ab der 6. runde rei\u00dfen lassen, sp\u00e4ter st\u00fcrzte er noch ungl\u00fccklich &#8211; nicht sein Tag in K\u00f6ln.<\/p>\n<p>Nachdem wir die Ausrei\u00dfer gestellt hatten versuchte sofort Carol Cooke ihr Gl\u00fcck in der Flucht und wieder sprang Friedrich Freytag an das Hinterrad &#8211; f\u00fcr mich also auch Augen auf und nicht zu viel Taktik.<\/p>\n<p>So versuchte ich meine DBS-Kollegin Jana Majunke ans Hinterrad von Carol Cooke zu fahren und auf ihren Antritt im Sprint zu hoffen, in der letzten Runde waren wir 4 wieder zusammen, nun galt es f\u00fcr mich selbst die richtige Stelle der finalen Attacke zu finden. Es blieb am Ende nur noch der kleine Anstieg auf der langen Zielgeraden &#8211; Kette rechts 52\/11 und das Double ist zur\u00fcck in Dortmund.<\/p>\n<p>Toller Vizemeister wurde der 18-j\u00e4hrige Cottbusser Friedrich Freitag vor seinem Vereinskollegen Lars Nikolay, die Frauenwertung gewann am Ende im Sprint Carol Cooke vor Jana Majunke und mit etwas Abstand die junge Glasgowerin Hannah Dines vor der Belgierin Lisette de Heide.<\/p>\n<p>Das unmittelbare &#8222;Fr\u00fch Sport&#8220; Getr\u00e4nk einer in K\u00f6ln angesiedelten Brauerei mit 4 Buchstaben lie\u00df sogar die anschlie\u00dfende Doping-Kontrolle zu einem Sprint f\u00fcr mich werden, wunderbar.<\/p>\n<p>Die Cologne Classic 2017 tolle inklusive Wettk\u00e4mpfe \u00fcber 3 volle Tage &#8211; vom &#8222;1. Schritt&#8220; Laufrad-Rennen ab 3 Jahren bis zum Profiwettstreit als Abschlu\u00df &#8211; gelebte Inklusion und spannender Sport.<\/p>\n<p>Ganz offiziell darf ich heute nach dem Gewinn dieser beiden Deutschen Meister Titel verk\u00fcnden, dass der Dortmunder Oberb\u00fcrgermeister Ullrich Sierau f\u00fcr mein Projekt &#8222;Konnichiwa Tokyo 2020 &#8211; Machikirenai !!!&#8220; die Schirmherrschaft \u00fcbernimmt und mich somit auf dem Weg zu den Sommerparalympics 2020 motivierend begleitet &#8211; f\u00fcr mich eine ganz besondere Ehre &#8211; als Sportler mit Behinderung und B\u00fcrger der Stadt Dortmund.<\/p>\n<p>So kann ich gl\u00fccklich und voller Vorfreude nach ein paar regenerierenden Tagen in Dortmund mich gezielt und erfolgsorientiert gemeinsam mit Trainer Robert Pawlowsky auf das Paracycling Weltcupfinale in Emmen vom 29. Juni &#8211; bis 2. Juli vorbereiten &#8211; als aktueller Weltcup-Leader m\u00f6chte ich das sch\u00f6ne UCI-Trikot nicht mehr abgeben.<\/p>\n<p>&nbsp;<\/p>\n<p>Mit sportlichen Gr\u00fc\u00dfen<\/p>\n<p>Ihr und Euer<\/p>\n<p>HP <em>[Hans-Peter Durst]<\/em><\/p>\n<p>&nbsp;<\/p>\n<p><img loading=\"lazy\" decoding=\"async\" class=\"wp-image-7294 aligncenter\" style=\"border: 1px solid black;\" src=\"http:\/\/radsportbezirk-westfalen-mitte.de\/wordpress\/wp-content\/uploads\/2017\/06\/gegen-die-Uhr-Cologne-Classic-2017-Deutscher-Meister-TT.png\" alt=\"\" width=\"500\" height=\"333\" border=\"1\" srcset=\"https:\/\/radsportbezirk-westfalen-mitte.de\/wordpress\/wp-content\/uploads\/2017\/06\/gegen-die-Uhr-Cologne-Classic-2017-Deutscher-Meister-TT.png 851w, https:\/\/radsportbezirk-westfalen-mitte.de\/wordpress\/wp-content\/uploads\/2017\/06\/gegen-die-Uhr-Cologne-Classic-2017-Deutscher-Meister-TT-300x200.png 300w, https:\/\/radsportbezirk-westfalen-mitte.de\/wordpress\/wp-content\/uploads\/2017\/06\/gegen-die-Uhr-Cologne-Classic-2017-Deutscher-Meister-TT-768x512.png 768w\" sizes=\"auto, (max-width: 500px) 100vw, 500px\" \/><br \/>\n<img loading=\"lazy\" decoding=\"async\" class=\"aligncenter wp-image-7295\" style=\"border: 1px solid black;\" src=\"http:\/\/radsportbezirk-westfalen-mitte.de\/wordpress\/wp-content\/uploads\/2017\/06\/nur-nicht-nach-hinten-schauen-hier-war-ich-aber-bereits-im-TT-Ziel-Cologne-Classic-2017.jpg\" alt=\"\" width=\"500\" height=\"397\" border=\"1\" srcset=\"https:\/\/radsportbezirk-westfalen-mitte.de\/wordpress\/wp-content\/uploads\/2017\/06\/nur-nicht-nach-hinten-schauen-hier-war-ich-aber-bereits-im-TT-Ziel-Cologne-Classic-2017.jpg 1440w, https:\/\/radsportbezirk-westfalen-mitte.de\/wordpress\/wp-content\/uploads\/2017\/06\/nur-nicht-nach-hinten-schauen-hier-war-ich-aber-bereits-im-TT-Ziel-Cologne-Classic-2017-300x238.jpg 300w, https:\/\/radsportbezirk-westfalen-mitte.de\/wordpress\/wp-content\/uploads\/2017\/06\/nur-nicht-nach-hinten-schauen-hier-war-ich-aber-bereits-im-TT-Ziel-Cologne-Classic-2017-768x609.jpg 768w, https:\/\/radsportbezirk-westfalen-mitte.de\/wordpress\/wp-content\/uploads\/2017\/06\/nur-nicht-nach-hinten-schauen-hier-war-ich-aber-bereits-im-TT-Ziel-Cologne-Classic-2017-1024x812.jpg 1024w\" sizes=\"auto, (max-width: 500px) 100vw, 500px\" \/><br \/>\n<img loading=\"lazy\" decoding=\"async\" class=\"aligncenter wp-image-7296\" style=\"border: 1px solid black;\" src=\"http:\/\/radsportbezirk-westfalen-mitte.de\/wordpress\/wp-content\/uploads\/2017\/06\/TT-Deutsche-Meisterschaft-2017-.JPG\" alt=\"\" width=\"375\" height=\"500\" border=\"1\" srcset=\"https:\/\/radsportbezirk-westfalen-mitte.de\/wordpress\/wp-content\/uploads\/2017\/06\/TT-Deutsche-Meisterschaft-2017-.JPG 3864w, https:\/\/radsportbezirk-westfalen-mitte.de\/wordpress\/wp-content\/uploads\/2017\/06\/TT-Deutsche-Meisterschaft-2017--225x300.jpg 225w, https:\/\/radsportbezirk-westfalen-mitte.de\/wordpress\/wp-content\/uploads\/2017\/06\/TT-Deutsche-Meisterschaft-2017--768x1024.jpg 768w, https:\/\/radsportbezirk-westfalen-mitte.de\/wordpress\/wp-content\/uploads\/2017\/06\/TT-Deutsche-Meisterschaft-2017--1568x2091.jpg 1568w\" sizes=\"auto, (max-width: 375px) 100vw, 375px\" \/><br \/>\n&nbsp;<\/p>\n<p>&nbsp;<\/p>\n","protected":false},"excerpt":{"rendered":"<p>Liebe Radsportfreunde,<\/p>\n<p>die 65. Cologne Classic sind erfolgreiche Geschichte &#8211; alle relevanten Informationen \u00fcber alle Rennen und Ergebnisse wie immer perfekt aufbereitet unter &#8211; http:\/\/my4.raceresult.com\/68957\/?lang=de# -.<\/p>\n<p>F\u00fcr mich selbst sind beide Rennen &#8211; die als C1 &#8211; Paracycling Europacup und als DBS-Paracycling Deutsche Meisterschaften gewertet wurden sehr gut verlaufen.<\/p><p><a class=\"more-link btn\" href=\"https:\/\/radsportbezirk-westfalen-mitte.de\/wordpress\/7297\/\">Weiterlesen<\/a><\/p>\n","protected":false},"author":1,"featured_media":0,"comment_status":"closed","ping_status":"closed","sticky":false,"template":"","format":"standard","meta":{"footnotes":""},"categories":[54],"tags":[390,391,163,256,345,347],"class_list":["post-7297","post","type-post","status-publish","format-standard","hentry","category-paracycling","tag-cologne-classic","tag-europacup","tag-163","tag-dm","tag-paracycling","tag-hans-peter-durst","wp-image-borders","item-wrap"],"_links":{"self":[{"href":"https:\/\/radsportbezirk-westfalen-mitte.de\/wordpress\/wp-json\/wp\/v2\/posts\/7297","targetHints":{"allow":["GET"]}}],"collection":[{"href":"https:\/\/radsportbezirk-westfalen-mitte.de\/wordpress\/wp-json\/wp\/v2\/posts"}],"about":[{"href":"https:\/\/radsportbezirk-westfalen-mitte.de\/wordpress\/wp-json\/wp\/v2\/types\/post"}],"author":[{"embeddable":true,"href":"https:\/\/radsportbezirk-westfalen-mitte.de\/wordpress\/wp-json\/wp\/v2\/users\/1"}],"replies":[{"embeddable":true,"href":"https:\/\/radsportbezirk-westfalen-mitte.de\/wordpress\/wp-json\/wp\/v2\/comments?post=7297"}],"version-history":[{"count":3,"href":"https:\/\/radsportbezirk-westfalen-mitte.de\/wordpress\/wp-json\/wp\/v2\/posts\/7297\/revisions"}],"predecessor-version":[{"id":9817,"href":"https:\/\/radsportbezirk-westfalen-mitte.de\/wordpress\/wp-json\/wp\/v2\/posts\/7297\/revisions\/9817"}],"wp:attachment":[{"href":"https:\/\/radsportbezirk-westfalen-mitte.de\/wordpress\/wp-json\/wp\/v2\/media?parent=7297"}],"wp:term":[{"taxonomy":"category","embeddable":true,"href":"https:\/\/radsportbezirk-westfalen-mitte.de\/wordpress\/wp-json\/wp\/v2\/categories?post=7297"},{"taxonomy":"post_tag","embeddable":true,"href":"https:\/\/radsportbezirk-westfalen-mitte.de\/wordpress\/wp-json\/wp\/v2\/tags?post=7297"}],"curies":[{"name":"wp","href":"https:\/\/api.w.org\/{rel}","templated":true}]}}