{"id":7291,"date":"2017-05-24T12:24:16","date_gmt":"2017-05-24T10:24:16","guid":{"rendered":"http:\/\/radsportbezirk-westfalen-mitte.de\/wordpress\/?p=7291"},"modified":"2019-03-24T11:19:41","modified_gmt":"2019-03-24T10:19:41","slug":"alpecin-radfest-nrw-2017","status":"publish","type":"post","link":"https:\/\/radsportbezirk-westfalen-mitte.de\/wordpress\/7291\/","title":{"rendered":"Alpecin Radfest NRW 2017"},"content":{"rendered":"<p><em>Bielefeld<\/em> \u2013 Der Countdown l\u00e4uft, in nicht einmal mehr drei Wochen, am 10. und 11. Juni 2017, stehen das Fahrrad und der Radsport, im Rahmen des Alpecin Radfest NRW 2017, in Bielefeld im Mittelpunkt.<\/p>\n<p><!--more--><\/p>\n<p>Vor 200 Jahren, im Juni 1817, unternahm Karl Drais die Erstfahrt mit seiner Laufmaschine in Mannheim und brachte damit die Entwicklung des Fahrrades ins Rollen. Ein Grund, dieses Jubil\u00e4um geb\u00fchrend zu feiern.<\/p>\n<p>Freuen wir uns auf Sport, Spa\u00df und Unterhaltung sowie Neuheiten und Wissenswertes aus vielen Bereichen des Radsports. Ganz sicher ist f\u00fcr jeden Radsportinteressierten, f\u00fcr jeden Radfahrer und f\u00fcr jeden Radsportler etwas dabei.<\/p>\n<p>Zeit das Programm vorzustellen. Alle Details zum Programm, zur Messe Drahtesel und zu den Renn- und Breitensportveranstaltungen bietet der <a href=\"http:\/\/radsportverband-nrw.de\/wp-content\/uploads\/2017\/05\/17-06-1011-Programm-Alpecin-Radfest-NRW-2017.pdf\" target=\"_blank\" rel=\"noopener noreferrer\">Flyer<\/a>.<\/p>\n<p>Joachim Herrmann \u2013 Vizepr\u00e4sident<\/p>\n<p>&nbsp;<\/p>\n<p style=\"text-align: center;\"><a href=\"http:\/\/radsportverband-nrw.de\/2017\/05\/23\/alpecin-radfest-nrw-2017\/\" target=\"_blank\" rel=\"noopener noreferrer\"><img loading=\"lazy\" decoding=\"async\" class=\"aligncenter wp-image-7290\" style=\"border: 2px solid black;\" src=\"http:\/\/radsportbezirk-westfalen-mitte.de\/wordpress\/wp-content\/uploads\/2017\/05\/AlpecinRadfestNRW2017.png\" alt=\"\" width=\"500\" height=\"358\" border=\"2\" srcset=\"https:\/\/radsportbezirk-westfalen-mitte.de\/wordpress\/wp-content\/uploads\/2017\/05\/AlpecinRadfestNRW2017.png 500w, https:\/\/radsportbezirk-westfalen-mitte.de\/wordpress\/wp-content\/uploads\/2017\/05\/AlpecinRadfestNRW2017-300x215.png 300w\" sizes=\"auto, (max-width: 500px) 100vw, 500px\" \/><\/a><\/p>\n<p>&nbsp;<\/p>\n<p>&nbsp;<\/p>\n<p>&nbsp;<\/p>\n<p>&nbsp;<\/p>\n<p>&nbsp;<\/p>\n<!-- WP Attachments -->\r\n        <div style=\"width:100%;margin:10px 0 10px 0;\">\r\n            <h3>***<\/h3>\r\n        <ul class=\"post-attachments\"><li class=\"post-attachment mime-application-pdf\"><small><i><a target=\"_blank\" rel=\"noopener noreferrer\" href=\"https:\/\/radsportbezirk-westfalen-mitte.de\/wordpress\/wp-content\/uploads\/2017\/05\/17-06-1011-Programm-Alpecin-Radfest-NRW-2017.pdf\">Programm Alpecin Radfest NRW 2017<\/a><\/i><\/small><\/li><\/ul><\/div>","protected":false},"excerpt":{"rendered":"<p>Bielefeld \u2013 Der Countdown l\u00e4uft, in nicht einmal mehr drei Wochen, am 10. und 11. Juni 2017, stehen das Fahrrad und der Radsport, im Rahmen des Alpecin Radfest NRW 2017, in Bielefeld im Mittelpunkt.<\/p>\n<p> *** <\/p><p><a class=\"more-link btn\" href=\"https:\/\/radsportbezirk-westfalen-mitte.de\/wordpress\/7291\/\">Weiterlesen<\/a><\/p>\n<ul class=\"post-attachments\">\n<li class=\"post-attachment mime-application-pdf\"><i>Programm Alpecin Radfest NRW 2017<\/i><\/li>\n<\/ul>\n","protected":false},"author":1,"featured_media":0,"comment_status":"closed","ping_status":"closed","sticky":false,"template":"","format":"standard","meta":{"footnotes":""},"categories":[34],"tags":[163,392,393],"class_list":["post-7291","post","type-post","status-publish","format-standard","hentry","category-breitensport","tag-163","tag-alpecin-radfest-nrw","tag-bielefeld","wp-image-borders","item-wrap"],"_links":{"self":[{"href":"https:\/\/radsportbezirk-westfalen-mitte.de\/wordpress\/wp-json\/wp\/v2\/posts\/7291","targetHints":{"allow":["GET"]}}],"collection":[{"href":"https:\/\/radsportbezirk-westfalen-mitte.de\/wordpress\/wp-json\/wp\/v2\/posts"}],"about":[{"href":"https:\/\/radsportbezirk-westfalen-mitte.de\/wordpress\/wp-json\/wp\/v2\/types\/post"}],"author":[{"embeddable":true,"href":"https:\/\/radsportbezirk-westfalen-mitte.de\/wordpress\/wp-json\/wp\/v2\/users\/1"}],"replies":[{"embeddable":true,"href":"https:\/\/radsportbezirk-westfalen-mitte.de\/wordpress\/wp-json\/wp\/v2\/comments?post=7291"}],"version-history":[{"count":3,"href":"https:\/\/radsportbezirk-westfalen-mitte.de\/wordpress\/wp-json\/wp\/v2\/posts\/7291\/revisions"}],"predecessor-version":[{"id":9821,"href":"https:\/\/radsportbezirk-westfalen-mitte.de\/wordpress\/wp-json\/wp\/v2\/posts\/7291\/revisions\/9821"}],"wp:attachment":[{"href":"https:\/\/radsportbezirk-westfalen-mitte.de\/wordpress\/wp-json\/wp\/v2\/media?parent=7291"}],"wp:term":[{"taxonomy":"category","embeddable":true,"href":"https:\/\/radsportbezirk-westfalen-mitte.de\/wordpress\/wp-json\/wp\/v2\/categories?post=7291"},{"taxonomy":"post_tag","embeddable":true,"href":"https:\/\/radsportbezirk-westfalen-mitte.de\/wordpress\/wp-json\/wp\/v2\/tags?post=7291"}],"curies":[{"name":"wp","href":"https:\/\/api.w.org\/{rel}","templated":true}]}}