{"id":7264,"date":"2017-04-26T09:32:23","date_gmt":"2017-04-26T07:32:23","guid":{"rendered":"http:\/\/radsportbezirk-westfalen-mitte.de\/wordpress\/?p=7264"},"modified":"2019-03-25T08:18:03","modified_gmt":"2019-03-25T07:18:03","slug":"rsv-unna-38-radtourenfahrt-vom-hellweg-zum-moehnesee","status":"publish","type":"post","link":"https:\/\/radsportbezirk-westfalen-mitte.de\/wordpress\/7264\/","title":{"rendered":"RSV UNNA \u2013 38. RADTOURENFAHRT VOM HELLWEG ZUM M\u00d6HNESEE"},"content":{"rendered":"<p>Bei k\u00fchler Witterung bat der RSV Unna Breitensportler aus ganz Deutschland zum Start der 38. Radtourenveranstaltung \u201eVom Hellweg zum M\u00f6hnesee\u201c.<\/p>\n<p><!--more--><\/p>\n<p>Unnas B\u00fcrgermeister Werner Kolter (Foto) sprach um 9.00 Uhr vor der Siemens-Gesamtschule K\u00f6nigsborn den Startern Mut zu, dass sie die k\u00fcrzeren oder langen Runden in Richtung Sauerland ohne Regen und Wind absolvieren k\u00f6nnten. Nach seiner Fahnensenkung gingen 501 Teilnehmer an den Start, verteilt auf die verschiedenen Streckenl\u00e4ngen und in unterschiedlichen Wertungsgruppen. Angefangen von der gem\u00fctlichen so genannten Prosecco-Tour, geleitet von RSV Urgestein Reinhold B\u00f6hm, bis hin zur streckentechnisch und gel\u00e4ndebedingt sehr anspruchsvollen 150 km Runde um den gesamten M\u00f6hnesee herum bot der RSV \u00fcberwiegend auf Nebenstrecken und Wirtschaftswegen den Teilnehmern relativ sichere Bedingungen an. An vier Verpflegungsst\u00e4nden entlang der Runde konnten sich die Sportler st\u00e4rken und Kraft tanken f\u00fcr den kr\u00e4ftezehrenden R\u00fcckweg mit starkem Gegenwind Richtung Kreisstadt. RSV Vorsitzender Hans Kuhn war wieder mit dem Vereinskombi als Streckenservice unterwegs, um Pannen zu beheben oder Tipps zur Kr\u00e4fteeinteilung zu geben. In diesem Jahr gab es keine Probleme mit den Streckenpfeilen oder umgestellten Absicherungsschildern. Alles verlief unfall- und pannenfrei. F\u00fcr die Absicherung und die ausgew\u00e4hlten Strecken gab es Lob vom Bundeskontrollfahrer f\u00fcr das Orga-Team des RSV, zumal auch das Nach-Tour-Verpflegungsangebot rund um das Forum gut organisiert war.<br \/>\nDie Siegerehrung fand erstmals im Forum Unna-K\u00f6nigsborn statt, das sich f\u00fcr die Veranstaltung als bestens geeignet erwies. Moderiert von Hans Kuhn \u00fcberreichte das Orga-Leit-Trio Carsten Peitscher, Carsten B\u00fcltmann und Peter Tiefenbach die Pokale an die Gruppen mit den meisten Teilnehmern und gr\u00f6\u00dften Kilometerzahlen (Foto). Der Pokal f\u00fcr die gr\u00f6\u00dfte Gruppe ging an Sprinter Waltrop, das gr\u00f6\u00dfte Hobby-Team stellte der ADFC Holzwickede. Im Firmen-Cycling Cup siegte \u00fcberlegen die Bezirksregierung Arnsberg vor dem Thyssen-Krupp- und dem LUK-Team. Das gr\u00f6\u00dfte Damenteam stellte auch die Bezirksregierung.<br \/>\nMit der 38. Radtourenveranstaltung hat der RSV wieder mal eine gelungene Sportveranstaltung organisiert und gezeigt, dass der Verein neben dem \u00fcberragenden Spitzensport mit einem aktuellen Vizeweltmeister in seinen Reihen auch f\u00fcr die Breitensportler ein interessantes Angebot bereit h\u00e4lt. Mit dem 31. Fr\u00f6ndenberger Volksradfahren am 7. Mai steht schon die n\u00e4chste Breitensportveranstaltung in den Startl\u00f6chern.<\/p>\n<p>&nbsp;<\/p>\n<p align=\"center\"><img loading=\"lazy\" decoding=\"async\" class=\"aligncenter wp-image-7261\" style=\"border: 1px solid black;\" src=\"http:\/\/radsportbezirk-westfalen-mitte.de\/wordpress\/wp-content\/uploads\/2017\/04\/02.RTF.jpg\" alt=\"\" width=\"500\" height=\"281\" border=\"1\" srcset=\"https:\/\/radsportbezirk-westfalen-mitte.de\/wordpress\/wp-content\/uploads\/2017\/04\/02.RTF.jpg 4608w, https:\/\/radsportbezirk-westfalen-mitte.de\/wordpress\/wp-content\/uploads\/2017\/04\/02.RTF-300x169.jpg 300w, https:\/\/radsportbezirk-westfalen-mitte.de\/wordpress\/wp-content\/uploads\/2017\/04\/02.RTF-768x432.jpg 768w, https:\/\/radsportbezirk-westfalen-mitte.de\/wordpress\/wp-content\/uploads\/2017\/04\/02.RTF-1024x576.jpg 1024w, https:\/\/radsportbezirk-westfalen-mitte.de\/wordpress\/wp-content\/uploads\/2017\/04\/02.RTF-1568x882.jpg 1568w\" sizes=\"auto, (max-width: 500px) 100vw, 500px\" \/><\/p>\n<p>&nbsp;<\/p>\n<p align=\"center\"><img loading=\"lazy\" decoding=\"async\" class=\"aligncenter wp-image-7262\" style=\"border: 1px solid black;\" src=\"http:\/\/radsportbezirk-westfalen-mitte.de\/wordpress\/wp-content\/uploads\/2017\/04\/17.-RTF-BM-Kolter.jpg\" alt=\"\" width=\"500\" height=\"333\" border=\"1\" srcset=\"https:\/\/radsportbezirk-westfalen-mitte.de\/wordpress\/wp-content\/uploads\/2017\/04\/17.-RTF-BM-Kolter.jpg 2074w, https:\/\/radsportbezirk-westfalen-mitte.de\/wordpress\/wp-content\/uploads\/2017\/04\/17.-RTF-BM-Kolter-300x200.jpg 300w, https:\/\/radsportbezirk-westfalen-mitte.de\/wordpress\/wp-content\/uploads\/2017\/04\/17.-RTF-BM-Kolter-768x512.jpg 768w, https:\/\/radsportbezirk-westfalen-mitte.de\/wordpress\/wp-content\/uploads\/2017\/04\/17.-RTF-BM-Kolter-1024x682.jpg 1024w, https:\/\/radsportbezirk-westfalen-mitte.de\/wordpress\/wp-content\/uploads\/2017\/04\/17.-RTF-BM-Kolter-1568x1045.jpg 1568w\" sizes=\"auto, (max-width: 500px) 100vw, 500px\" \/><em>Bild 1 BM Werner Kolter schickt die Teilnehmer auf die Strecke<\/em><\/p>\n<p>&nbsp;<\/p>\n<p align=\"center\"><img loading=\"lazy\" decoding=\"async\" class=\"aligncenter wp-image-7263\" style=\"border: 1px solid black;\" src=\"http:\/\/radsportbezirk-westfalen-mitte.de\/wordpress\/wp-content\/uploads\/2017\/04\/19.RTF-Preistrger-RTF-2017.jpg\" alt=\"\" width=\"500\" height=\"358\" border=\"1\" srcset=\"https:\/\/radsportbezirk-westfalen-mitte.de\/wordpress\/wp-content\/uploads\/2017\/04\/19.RTF-Preistrger-RTF-2017.jpg 824w, https:\/\/radsportbezirk-westfalen-mitte.de\/wordpress\/wp-content\/uploads\/2017\/04\/19.RTF-Preistrger-RTF-2017-300x215.jpg 300w, https:\/\/radsportbezirk-westfalen-mitte.de\/wordpress\/wp-content\/uploads\/2017\/04\/19.RTF-Preistrger-RTF-2017-768x550.jpg 768w\" sizes=\"auto, (max-width: 500px) 100vw, 500px\" \/><em>Bild 2 Die Pokalsiegern aller Wertungsklassen und den 3 RSV Verantwortlichen Hans Kuhn, (L) Peter Tiefenbach und Carsten Peitscher.<\/em><\/p>\n<p>&nbsp;<\/p>\n<p>&nbsp;<\/p>\n<p>&nbsp;<\/p>\n<p>&nbsp;<\/p>\n<p>&nbsp;<\/p>\n<h2 align=\"center\"><strong><em>Text und Fotos: RSV Unna<\/em><\/strong><\/h2>\n<p>&nbsp;<\/p>\n<p>&nbsp;<\/p>\n<p>&nbsp;<\/p>\n<p>&nbsp;<\/p>\n<p>&nbsp;<\/p>\n","protected":false},"excerpt":{"rendered":"<p>Bei k\u00fchler Witterung bat der RSV Unna Breitensportler aus ganz Deutschland zum Start der 38. Radtourenveranstaltung \u201eVom Hellweg zum M\u00f6hnesee\u201c.<\/p><p><a class=\"more-link btn\" href=\"https:\/\/radsportbezirk-westfalen-mitte.de\/wordpress\/7264\/\">Weiterlesen<\/a><\/p>\n","protected":false},"author":1,"featured_media":0,"comment_status":"closed","ping_status":"closed","sticky":false,"template":"","format":"standard","meta":{"footnotes":""},"categories":[29],"tags":[163,172,405,71,148],"class_list":["post-7264","post","type-post","status-publish","format-standard","hentry","category-rtfctf","tag-163","tag-rtf","tag-hellweg","tag-rsv-unna","tag-moehnesee","wp-image-borders","item-wrap"],"_links":{"self":[{"href":"https:\/\/radsportbezirk-westfalen-mitte.de\/wordpress\/wp-json\/wp\/v2\/posts\/7264","targetHints":{"allow":["GET"]}}],"collection":[{"href":"https:\/\/radsportbezirk-westfalen-mitte.de\/wordpress\/wp-json\/wp\/v2\/posts"}],"about":[{"href":"https:\/\/radsportbezirk-westfalen-mitte.de\/wordpress\/wp-json\/wp\/v2\/types\/post"}],"author":[{"embeddable":true,"href":"https:\/\/radsportbezirk-westfalen-mitte.de\/wordpress\/wp-json\/wp\/v2\/users\/1"}],"replies":[{"embeddable":true,"href":"https:\/\/radsportbezirk-westfalen-mitte.de\/wordpress\/wp-json\/wp\/v2\/comments?post=7264"}],"version-history":[{"count":4,"href":"https:\/\/radsportbezirk-westfalen-mitte.de\/wordpress\/wp-json\/wp\/v2\/posts\/7264\/revisions"}],"predecessor-version":[{"id":9843,"href":"https:\/\/radsportbezirk-westfalen-mitte.de\/wordpress\/wp-json\/wp\/v2\/posts\/7264\/revisions\/9843"}],"wp:attachment":[{"href":"https:\/\/radsportbezirk-westfalen-mitte.de\/wordpress\/wp-json\/wp\/v2\/media?parent=7264"}],"wp:term":[{"taxonomy":"category","embeddable":true,"href":"https:\/\/radsportbezirk-westfalen-mitte.de\/wordpress\/wp-json\/wp\/v2\/categories?post=7264"},{"taxonomy":"post_tag","embeddable":true,"href":"https:\/\/radsportbezirk-westfalen-mitte.de\/wordpress\/wp-json\/wp\/v2\/tags?post=7264"}],"curies":[{"name":"wp","href":"https:\/\/api.w.org\/{rel}","templated":true}]}}