{"id":7213,"date":"2017-02-02T10:24:50","date_gmt":"2017-02-02T09:24:50","guid":{"rendered":"http:\/\/radsportbezirk-westfalen-mitte.de\/wordpress\/?p=7213"},"modified":"2019-03-25T10:44:59","modified_gmt":"2019-03-25T09:44:59","slug":"osterferien-in-winterberg","status":"publish","type":"post","link":"https:\/\/radsportbezirk-westfalen-mitte.de\/wordpress\/7213\/","title":{"rendered":"Osterferien in Winterberg"},"content":{"rendered":"<p>Hallo Bikerinnen, hallo Biker,<\/p>\n<p>die MTB-Gruppe des ASC 09 Dortmund f\u00fchrt vom 10.04.2017 bis 16.04.2017 eine MTB-Woche in Winterberg durch.<\/p>\n<p>Die Teilnahme ist offen f\u00fcr alle Radsportlerinnen und Radsportler der <strong>Jahrg\u00e4nge 1999 bis 2006<\/strong>.<\/p>\n<p><!--more--><\/p>\n<table border=\"1\" width=\"75%\" cellspacing=\"1\" cellpadding=\"5\" align=\"center\">\n<tbody>\n<tr>\n<td><strong>Leistungen:<\/strong><\/td>\n<td>6 x \u00dcbernachtung, 6 x Vollpension<br \/>\n(Fr\u00fchst\u00fcck, Mittagessen, Abendessen)<\/td>\n<\/tr>\n<tr>\n<td><strong>Inhalte:<\/strong><\/td>\n<td>Fahrtraining, Technik, Freizeitgestaltung<\/td>\n<\/tr>\n<tr>\n<td><strong>Teilnehmerzahl:<\/strong><\/td>\n<td>max. 25<\/td>\n<\/tr>\n<tr>\n<td><strong>Teilnehmereigenleistung:<\/strong><\/td>\n<td>150.- \u20ac<\/td>\n<\/tr>\n<tr>\n<td><strong>Anmeldeschluss:<\/strong><\/td>\n<td>01.03.2017<\/td>\n<\/tr>\n<\/tbody>\n<\/table>\n<p>Die Anmeldungen\/Einverst\u00e4ndniserkl\u00e4rungen sind vollst\u00e4ndig ausgef\u00fcllt und unterschrieben an die angegebene Adresse zu senden.<br \/>\nDie Anmeldungen werden in der Reihenfolge ihres Eingangs bearbeitet.<\/p>\n<p><strong>Weitere Infos entnehmt bitte den beigef\u00fcgten Anlagen.<\/strong><\/p>\n<p>Mit sportlichen Gr\u00fc\u00dfen<\/p>\n<p>Jens Kl\u00fch<br \/>\n<em>Abteilungsleiter MTB<\/em><\/p>\n<p>ASC 09 Dortmund<br \/>\nMTB-Gruppe<br \/>\n&nbsp;<\/p>\n<p>&nbsp;<\/p>\n<!-- WP Attachments -->\r\n        <div style=\"width:100%;margin:10px 0 10px 0;\">\r\n            <h3>***<\/h3>\r\n        <ul class=\"post-attachments\"><li class=\"post-attachment mime-application-pdf\"><small><i><a target=\"_blank\" rel=\"noopener noreferrer\" href=\"https:\/\/radsportbezirk-westfalen-mitte.de\/wordpress\/wp-content\/uploads\/2017\/02\/Anmeldung_Winterberg_2017.pdf\">Anmeldung \/ Einverst\u00e4ndniserkl\u00e4rung<\/a><\/i><\/small><\/li><li class=\"post-attachment mime-application-pdf\"><small><i><a target=\"_blank\" rel=\"noopener noreferrer\" href=\"https:\/\/radsportbezirk-westfalen-mitte.de\/wordpress\/wp-content\/uploads\/2017\/02\/Infos_u_Packliste_Winterberg-2017.pdf\">Infos \/ Packliste<\/a><\/i><\/small><\/li><li class=\"post-attachment mime-application-pdf\"><small><i><a target=\"_blank\" rel=\"noopener noreferrer\" href=\"https:\/\/radsportbezirk-westfalen-mitte.de\/wordpress\/wp-content\/uploads\/2017\/02\/Einladung_Winterberg_2017.pdf\">Einladung<\/a><\/i><\/small><\/li><\/ul><\/div>","protected":false},"excerpt":{"rendered":"<p>Hallo Bikerinnen, hallo Biker,<\/p>\n<p>die MTB-Gruppe des ASC 09 Dortmund f\u00fchrt vom 10.04.2017 bis 16.04.2017 eine MTB-Woche in Winterberg durch.<\/p>\n<p>Die Teilnahme ist offen f\u00fcr alle Radsportlerinnen und Radsportler der Jahrg\u00e4nge 1999 bis 2006.<\/p>\n<p> *** <\/p><p><a class=\"more-link btn\" href=\"https:\/\/radsportbezirk-westfalen-mitte.de\/wordpress\/7213\/\">Weiterlesen<\/a><\/p>\n<ul class=\"post-attachments\">\n<li class=\"post-attachment mime-application-pdf\"><i>Anmeldung \/ Einverst\u00e4ndniserkl\u00e4rung<\/i><\/li>\n<li class=\"post-attachment mime-application-pdf\"><i>Infos \/ Packliste<\/i><\/li>\n<li class=\"post-attachment mime-application-pdf\"><i>Einladung<\/i><\/li>\n<\/ul>\n","protected":false},"author":1,"featured_media":0,"comment_status":"closed","ping_status":"closed","sticky":false,"template":"","format":"standard","meta":{"footnotes":""},"categories":[44],"tags":[340,83,163,339],"class_list":["post-7213","post","type-post","status-publish","format-standard","hentry","category-jugendradsport","tag-winterberg","tag-asc-dortmund","tag-163","tag-osterferien","wp-image-borders","item-wrap"],"_links":{"self":[{"href":"https:\/\/radsportbezirk-westfalen-mitte.de\/wordpress\/wp-json\/wp\/v2\/posts\/7213","targetHints":{"allow":["GET"]}}],"collection":[{"href":"https:\/\/radsportbezirk-westfalen-mitte.de\/wordpress\/wp-json\/wp\/v2\/posts"}],"about":[{"href":"https:\/\/radsportbezirk-westfalen-mitte.de\/wordpress\/wp-json\/wp\/v2\/types\/post"}],"author":[{"embeddable":true,"href":"https:\/\/radsportbezirk-westfalen-mitte.de\/wordpress\/wp-json\/wp\/v2\/users\/1"}],"replies":[{"embeddable":true,"href":"https:\/\/radsportbezirk-westfalen-mitte.de\/wordpress\/wp-json\/wp\/v2\/comments?post=7213"}],"version-history":[{"count":4,"href":"https:\/\/radsportbezirk-westfalen-mitte.de\/wordpress\/wp-json\/wp\/v2\/posts\/7213\/revisions"}],"predecessor-version":[{"id":9911,"href":"https:\/\/radsportbezirk-westfalen-mitte.de\/wordpress\/wp-json\/wp\/v2\/posts\/7213\/revisions\/9911"}],"wp:attachment":[{"href":"https:\/\/radsportbezirk-westfalen-mitte.de\/wordpress\/wp-json\/wp\/v2\/media?parent=7213"}],"wp:term":[{"taxonomy":"category","embeddable":true,"href":"https:\/\/radsportbezirk-westfalen-mitte.de\/wordpress\/wp-json\/wp\/v2\/categories?post=7213"},{"taxonomy":"post_tag","embeddable":true,"href":"https:\/\/radsportbezirk-westfalen-mitte.de\/wordpress\/wp-json\/wp\/v2\/tags?post=7213"}],"curies":[{"name":"wp","href":"https:\/\/api.w.org\/{rel}","templated":true}]}}