{"id":7206,"date":"2017-01-08T14:02:07","date_gmt":"2017-01-08T13:02:07","guid":{"rendered":"http:\/\/radsportbezirk-westfalen-mitte.de\/wordpress\/?p=7206"},"modified":"2019-03-25T11:49:10","modified_gmt":"2019-03-25T10:49:10","slug":"einladung-zur-mitgliederversammlung-2017-des-radsportbezirks-westfalen-mitte","status":"publish","type":"post","link":"https:\/\/radsportbezirk-westfalen-mitte.de\/wordpress\/7206\/","title":{"rendered":"Einladung zur Mitgliederversammlung 2017 des Radsportbezirks Westfalen-Mitte"},"content":{"rendered":"<p style=\"text-align: center;\">Hiermit l\u00e4dt der Vorstand des Radsportbezirks Westfalen-Mitte e.V. satzungsgem\u00e4\u00df zur Mitgliederversammlung 2017 ein<br \/>\n<strong>am 11. Februar 2017 um 14:00 Uhr<\/strong><br \/>\nim Haus Heimsoth, Berghoferstr. 149 in Dortmund.<\/p>\n<p style=\"text-align: center;\">Die ausf\u00fchrliche Einladung findet Ihr im nachfolgenden PDF.<\/p>\n<p><!--more--><\/p>\n<p>&nbsp;<\/p>\n<p style=\"text-align: center;\">Mit sportlichem Gru\u00df<\/p>\n<p style=\"text-align: center;\"><strong>Vorsitzender<\/strong><br \/>\n<em>Radsportbezirk Westfalen-Mitte e.V.<\/em><\/p>\n<p>&nbsp;<\/p>\n<p>&nbsp;<\/p>\n<p>&nbsp;<\/p>\n<p>&nbsp;<\/p>\n<p>&nbsp;<\/p>\n<!-- WP Attachments -->\r\n        <div style=\"width:100%;margin:10px 0 10px 0;\">\r\n            <h3>***<\/h3>\r\n        <ul class=\"post-attachments\"><li class=\"post-attachment mime-application-pdf\"><small><i><a target=\"_blank\" rel=\"noopener noreferrer\" href=\"https:\/\/radsportbezirk-westfalen-mitte.de\/wordpress\/wp-content\/uploads\/2017\/01\/2017-RSBWM_Einladung-Bezirk-MV.pdf\">2017 RSBWM Einladung Bezirk MV<\/a><\/i><\/small><\/li><\/ul><\/div>","protected":false},"excerpt":{"rendered":"<p style=\"text-align: center;\">Hiermit l\u00e4dt der Vorstand des Radsportbezirks Westfalen-Mitte e.V. satzungsgem\u00e4\u00df zur Mitgliederversammlung 2017 ein am 11. Februar 2017 um 14:00 Uhr im Haus Heimsoth, Berghoferstr. 149 in Dortmund.<\/p>\n<p style=\"text-align: center;\">Die ausf\u00fchrliche Einladung findet Ihr im nachfolgenden PDF.<\/p>\n<p> *** <\/p><p><a class=\"more-link btn\" href=\"https:\/\/radsportbezirk-westfalen-mitte.de\/wordpress\/7206\/\">Weiterlesen<\/a><\/p>\n<ul class=\"post-attachments\">\n<li class=\"post-attachment mime-application-pdf\"><i>2017 RSBWM Einladung Bezirk MV<\/i><\/li>\n<\/ul>\n","protected":false},"author":1,"featured_media":0,"comment_status":"closed","ping_status":"closed","sticky":false,"template":"","format":"standard","meta":{"footnotes":""},"categories":[41],"tags":[55,56,58,163],"class_list":["post-7206","post","type-post","status-publish","format-standard","hentry","category-organisation","tag-einladung","tag-mitgliederversammlung","tag-bezirk","tag-163","wp-image-borders","item-wrap"],"_links":{"self":[{"href":"https:\/\/radsportbezirk-westfalen-mitte.de\/wordpress\/wp-json\/wp\/v2\/posts\/7206","targetHints":{"allow":["GET"]}}],"collection":[{"href":"https:\/\/radsportbezirk-westfalen-mitte.de\/wordpress\/wp-json\/wp\/v2\/posts"}],"about":[{"href":"https:\/\/radsportbezirk-westfalen-mitte.de\/wordpress\/wp-json\/wp\/v2\/types\/post"}],"author":[{"embeddable":true,"href":"https:\/\/radsportbezirk-westfalen-mitte.de\/wordpress\/wp-json\/wp\/v2\/users\/1"}],"replies":[{"embeddable":true,"href":"https:\/\/radsportbezirk-westfalen-mitte.de\/wordpress\/wp-json\/wp\/v2\/comments?post=7206"}],"version-history":[{"count":3,"href":"https:\/\/radsportbezirk-westfalen-mitte.de\/wordpress\/wp-json\/wp\/v2\/posts\/7206\/revisions"}],"predecessor-version":[{"id":9919,"href":"https:\/\/radsportbezirk-westfalen-mitte.de\/wordpress\/wp-json\/wp\/v2\/posts\/7206\/revisions\/9919"}],"wp:attachment":[{"href":"https:\/\/radsportbezirk-westfalen-mitte.de\/wordpress\/wp-json\/wp\/v2\/media?parent=7206"}],"wp:term":[{"taxonomy":"category","embeddable":true,"href":"https:\/\/radsportbezirk-westfalen-mitte.de\/wordpress\/wp-json\/wp\/v2\/categories?post=7206"},{"taxonomy":"post_tag","embeddable":true,"href":"https:\/\/radsportbezirk-westfalen-mitte.de\/wordpress\/wp-json\/wp\/v2\/tags?post=7206"}],"curies":[{"name":"wp","href":"https:\/\/api.w.org\/{rel}","templated":true}]}}