{"id":7192,"date":"2016-12-08T11:50:38","date_gmt":"2016-12-08T10:50:38","guid":{"rendered":"http:\/\/radsportbezirk-westfalen-mitte.de\/wordpress\/?p=7192"},"modified":"2019-03-26T09:48:33","modified_gmt":"2019-03-26T08:48:33","slug":"jon-knolle-erster-podiumsplatz-im-cross","status":"publish","type":"post","link":"https:\/\/radsportbezirk-westfalen-mitte.de\/wordpress\/7192\/","title":{"rendered":"Jon Knolle: Erster Podiumsplatz im Cross:"},"content":{"rendered":"<p>Stra\u00dfen-Nationalfahrer Jon Knolle (17) vom RSV Unna will sich in diesem Winter erstmals mit Cross Rennen weitere Rennh\u00e4rte f\u00fcr die Stra\u00dfensaison holen.<\/p>\n<p><!--more--><\/p>\n<p>Bei seinem zweiten Start in dieser Disziplin stand er mit dem 3. Platz erstmals in einem Cross Rennen auf dem Podium. Auf dem schnellen Wald und Wiesenkurs in Emsdetten zeigte er im technischen Bereich schon enorme Verbesserungen. Bis Mitte Januar wird er sich mit Cross-Rennen fit halten. Vom 2- bis 6. Januar muss er sich bei dem Bahnlehrgang der Nationalmannschaft 2017 aber komplett umstellen, denn die Nationalfahrer sind vom Bundestrainer zu einem Lehrgang nach Frankfurt\/Oder eingeladen. In der neuerbauten Oderlandhalle trainiert der Kader des BDR auf der schnellen Radrennbahn. Mit Platz 4 zeigte Luca Harter wieder eine starke Leistung. Auf Platz 2 liegend musste er nach einem Sturz die Spitze ziehen lassen und fuhr knapp am Podium vorbei.<\/p>\n<p align=\"center\"><img loading=\"lazy\" decoding=\"async\" class=\"aligncenter wp-image-7191\" style=\"border: 1px solid black;\" src=\"http:\/\/radsportbezirk-westfalen-mitte.de\/wordpress\/wp-content\/uploads\/2016\/12\/jon-Knolle2.JPG\" alt=\"\" width=\"303\" height=\"500\" border=\"1\" srcset=\"https:\/\/radsportbezirk-westfalen-mitte.de\/wordpress\/wp-content\/uploads\/2016\/12\/jon-Knolle2.JPG 921w, https:\/\/radsportbezirk-westfalen-mitte.de\/wordpress\/wp-content\/uploads\/2016\/12\/jon-Knolle2-182x300.jpg 182w, https:\/\/radsportbezirk-westfalen-mitte.de\/wordpress\/wp-content\/uploads\/2016\/12\/jon-Knolle2-768x1267.jpg 768w, https:\/\/radsportbezirk-westfalen-mitte.de\/wordpress\/wp-content\/uploads\/2016\/12\/jon-Knolle2-620x1024.jpg 620w\" sizes=\"auto, (max-width: 303px) 100vw, 303px\" \/><br \/>\n<em>Bild Jon Knolle<\/em><\/p>\n<p>&nbsp;<\/p>\n<p>&nbsp;<\/p>\n<p>&nbsp;<\/p>\n<p>&nbsp;<\/p>\n<p>&nbsp;<\/p>\n<h2 align=\"center\"><strong><em>Text und Foto: RSV Unna<\/em><\/strong><\/h2>\n<p>&nbsp;<\/p>\n<p>&nbsp;<\/p>\n<p>&nbsp;<\/p>\n<p>&nbsp;<\/p>\n<p>&nbsp;<\/p>\n","protected":false},"excerpt":{"rendered":"<p>Stra\u00dfen-Nationalfahrer Jon Knolle (17) vom RSV Unna will sich in diesem Winter erstmals mit Cross Rennen weitere Rennh\u00e4rte f\u00fcr die Stra\u00dfensaison holen.<\/p><p><a class=\"more-link btn\" href=\"https:\/\/radsportbezirk-westfalen-mitte.de\/wordpress\/7192\/\">Weiterlesen<\/a><\/p>\n","protected":false},"author":1,"featured_media":0,"comment_status":"closed","ping_status":"closed","sticky":false,"template":"","format":"standard","meta":{"footnotes":""},"categories":[48],"tags":[71,158,197,337],"class_list":["post-7192","post","type-post","status-publish","format-standard","hentry","category-cross-querfeldeinrennen","tag-rsv-unna","tag-158","tag-cross","tag-jon-knolle","wp-image-borders","item-wrap"],"_links":{"self":[{"href":"https:\/\/radsportbezirk-westfalen-mitte.de\/wordpress\/wp-json\/wp\/v2\/posts\/7192","targetHints":{"allow":["GET"]}}],"collection":[{"href":"https:\/\/radsportbezirk-westfalen-mitte.de\/wordpress\/wp-json\/wp\/v2\/posts"}],"about":[{"href":"https:\/\/radsportbezirk-westfalen-mitte.de\/wordpress\/wp-json\/wp\/v2\/types\/post"}],"author":[{"embeddable":true,"href":"https:\/\/radsportbezirk-westfalen-mitte.de\/wordpress\/wp-json\/wp\/v2\/users\/1"}],"replies":[{"embeddable":true,"href":"https:\/\/radsportbezirk-westfalen-mitte.de\/wordpress\/wp-json\/wp\/v2\/comments?post=7192"}],"version-history":[{"count":2,"href":"https:\/\/radsportbezirk-westfalen-mitte.de\/wordpress\/wp-json\/wp\/v2\/posts\/7192\/revisions"}],"predecessor-version":[{"id":9936,"href":"https:\/\/radsportbezirk-westfalen-mitte.de\/wordpress\/wp-json\/wp\/v2\/posts\/7192\/revisions\/9936"}],"wp:attachment":[{"href":"https:\/\/radsportbezirk-westfalen-mitte.de\/wordpress\/wp-json\/wp\/v2\/media?parent=7192"}],"wp:term":[{"taxonomy":"category","embeddable":true,"href":"https:\/\/radsportbezirk-westfalen-mitte.de\/wordpress\/wp-json\/wp\/v2\/categories?post=7192"},{"taxonomy":"post_tag","embeddable":true,"href":"https:\/\/radsportbezirk-westfalen-mitte.de\/wordpress\/wp-json\/wp\/v2\/tags?post=7192"}],"curies":[{"name":"wp","href":"https:\/\/api.w.org\/{rel}","templated":true}]}}