{"id":7170,"date":"2016-10-26T09:17:29","date_gmt":"2016-10-26T07:17:29","guid":{"rendered":"http:\/\/radsportbezirk-westfalen-mitte.de\/wordpress\/?p=7170"},"modified":"2019-03-26T11:36:40","modified_gmt":"2019-03-26T10:36:40","slug":"2radhelden2017","status":"publish","type":"post","link":"https:\/\/radsportbezirk-westfalen-mitte.de\/wordpress\/7170\/","title":{"rendered":"2Rad Helden 2017"},"content":{"rendered":"<p>Hallo Vereinsmitarbeiter und Mitarbeiterinnen!<\/p>\n<p>Auch 2017 soll es die Breitensport Aktion der 2 RadHelden geben. Dazu f\u00fcr euch noch mal einige Details.<\/p>\n<p><!--more--><\/p>\n<p>Wer \u00fcber den Fleyer sich die Teilnahme an RTF\/CTF Veranstaltungen best\u00e4tigen l\u00e4\u00dft, der erh\u00e4lt nach 7 und 14 Teilnahmen eine Auszeichnungen. Mitmachen kann jeder, Freizeit- und Tourenfaher mit und ohne Wertungskarte.<\/p>\n<p>Im Fleyer kommt ein Feld, wo der Verein\/Abteilung best\u00e4tigt, das der Inhaber des Fleyers Mitglied ist. Es gibt viele Vereinsfahrer, die dann auch ohne WK Punkte sammeln k\u00f6nnen. Dazu fahren die Vereinsmitglieder f\u00fcr das geringere Startgeld. Diese k\u00f6nnten dann auch in die Jahreswertung \u00fcbernommen werden. Euch erspart das, eine WK beim LV zu bestellen.<\/p>\n<p>Wenn sich alle Vereine des BZ WM dazu entschlie\u00dfen, kommen so \u00fcber 35 Veranstaltungen zusammen.<\/p>\n<p>Der Beitrag wird um 5\u20ac auf 35 \u20ac gesengt.<\/p>\n<p>Euch steht dann erneut der Startbogen und auch bei Bedarf der Zielbogen zur Verf\u00fcgung. Dazu die Werbebanner der 2 RadHelden.<\/p>\n<p>Der Fleyer und alles was dazu geh\u00f6rt wird \u00fcber dem Bezirk Organisiert.<\/p>\n<p>Wie auch in diesem Jahr gibt es eine Mannschaftswertung f\u00fcr Bezirksvereine und eine Extrawertung NRW\/BRD<\/p>\n<p>Wer mitmachen m\u00f6chte, zahlt auf das RTF Konto die 35\u20ac ein und ist dann dabei.<\/p>\n<p><strong>Norbert Schnitzmeier<\/strong><br \/>\n<i><a href=\"mailto:okbdr@aol.com\" target=\"_blank\" rel=\"noopener noreferrer\">okbdr@aol.com<\/a><\/i><\/p>\n<p>&nbsp;<\/p>\n<p>&nbsp;<\/p>\n<p>&nbsp;<\/p>\n<p>&nbsp;<\/p>\n<p>&nbsp;<\/p>\n","protected":false},"excerpt":{"rendered":"<p>Hallo Vereinsmitarbeiter und Mitarbeiterinnen!<\/p>\n<p>Auch 2017 soll es die Breitensport Aktion der 2 RadHelden geben. Dazu f\u00fcr euch noch mal einige Details.<\/p><p><a class=\"more-link btn\" href=\"https:\/\/radsportbezirk-westfalen-mitte.de\/wordpress\/7170\/\">Weiterlesen<\/a><\/p>\n","protected":false},"author":1,"featured_media":0,"comment_status":"closed","ping_status":"closed","sticky":false,"template":"","format":"standard","meta":{"footnotes":""},"categories":[29],"tags":[64,163,425],"class_list":["post-7170","post","type-post","status-publish","format-standard","hentry","category-rtfctf","tag-rtf-ctf","tag-163","tag-2radhelden","wp-image-borders","item-wrap"],"_links":{"self":[{"href":"https:\/\/radsportbezirk-westfalen-mitte.de\/wordpress\/wp-json\/wp\/v2\/posts\/7170","targetHints":{"allow":["GET"]}}],"collection":[{"href":"https:\/\/radsportbezirk-westfalen-mitte.de\/wordpress\/wp-json\/wp\/v2\/posts"}],"about":[{"href":"https:\/\/radsportbezirk-westfalen-mitte.de\/wordpress\/wp-json\/wp\/v2\/types\/post"}],"author":[{"embeddable":true,"href":"https:\/\/radsportbezirk-westfalen-mitte.de\/wordpress\/wp-json\/wp\/v2\/users\/1"}],"replies":[{"embeddable":true,"href":"https:\/\/radsportbezirk-westfalen-mitte.de\/wordpress\/wp-json\/wp\/v2\/comments?post=7170"}],"version-history":[{"count":2,"href":"https:\/\/radsportbezirk-westfalen-mitte.de\/wordpress\/wp-json\/wp\/v2\/posts\/7170\/revisions"}],"predecessor-version":[{"id":9965,"href":"https:\/\/radsportbezirk-westfalen-mitte.de\/wordpress\/wp-json\/wp\/v2\/posts\/7170\/revisions\/9965"}],"wp:attachment":[{"href":"https:\/\/radsportbezirk-westfalen-mitte.de\/wordpress\/wp-json\/wp\/v2\/media?parent=7170"}],"wp:term":[{"taxonomy":"category","embeddable":true,"href":"https:\/\/radsportbezirk-westfalen-mitte.de\/wordpress\/wp-json\/wp\/v2\/categories?post=7170"},{"taxonomy":"post_tag","embeddable":true,"href":"https:\/\/radsportbezirk-westfalen-mitte.de\/wordpress\/wp-json\/wp\/v2\/tags?post=7170"}],"curies":[{"name":"wp","href":"https:\/\/api.w.org\/{rel}","templated":true}]}}