{"id":7163,"date":"2016-10-03T11:38:12","date_gmt":"2016-10-03T09:38:12","guid":{"rendered":"http:\/\/radsportbezirk-westfalen-mitte.de\/wordpress\/?p=7163"},"modified":"2019-04-26T12:55:21","modified_gmt":"2019-04-26T10:55:21","slug":"michel-hessmann-und-tobi-mueller-in-ahlen-auf-dem-podium","status":"publish","type":"post","link":"https:\/\/radsportbezirk-westfalen-mitte.de\/wordpress\/7163\/","title":{"rendered":"Michel He\u00dfmann und Tobi M\u00fcller in Ahlen auf dem Podium."},"content":{"rendered":"<p>Das vorletzte Stra\u00dfenrennen der Saison wurde am letzten Samstag in Ahlen ausgetragen.<\/p>\n<p><!--more--><\/p>\n<p>Auf dem idealen Rundkurs auf dem ehemaligen Gel\u00e4nde der &#8222;Zeche Westfalen&#8220; hatte der RSV Unna nur einen Teil seiner Top Sportler entsandt.<br \/>\nDas &#8222;Kleine Team&#8220; verkaufte sich aber hervorragend. Schon in der Sch\u00fclerklasse konnten Julius Dr\u00e4ger mit Platz 4 und Luca Harter mit Platz 6 sowie Sven Harter in der Seniorenklasse ebenfalls auf Platz 6 \u00fcberzeugen. Michel He\u00dfmann hatte sich vorgenommen seine Siegesbilanz in Ahlen noch einmal zu verbessern. Trotz starker Besetzung holte er sich, neben zahlreichen Pr\u00e4mien, mit einem \u00fcberzeugenden Sprint seinen 8. Saisonsieg. Eine taktisch und fahrerisch starke Leistung zeigte &#8222;Altmeister&#8220; Tobias M\u00fcller im Elite C Hauptrennen. &#8222;Tobi&#8220; hat nach einer langen Rennpause in diesem Jahr nur 5 Rennen bestritten und kam in Ahlen auf den hervorragenden 3. Platz. Eine 3 Fahrer starke Spitzengruppe bestimmte das Rennen. Auf den letzten 1000 m sprintete Tobi M\u00fcller aus dem Verfolgerfeld heraus und fing mit einem Gewaltspurt den letzten Fahrer der Spitze noch ab. Als 3. des schnellen Rennens konnte er hinter dem Berliner Ilgen und dem G\u00fctersloher Ventger einmal mehr auf dem Podium stehen.<\/p>\n<p>&nbsp;<\/p>\n<p style=\"text-align: center;\"><img loading=\"lazy\" decoding=\"async\" class=\"aligncenter wp-image-7162\" style=\"border: 1px solid black;\" src=\"http:\/\/radsportbezirk-westfalen-mitte.de\/wordpress\/wp-content\/uploads\/2016\/10\/IMG_0029.jpg\" alt=\"\" width=\"500\" height=\"280\" border=\"1\" srcset=\"https:\/\/radsportbezirk-westfalen-mitte.de\/wordpress\/wp-content\/uploads\/2016\/10\/IMG_0029.jpg 1280w, https:\/\/radsportbezirk-westfalen-mitte.de\/wordpress\/wp-content\/uploads\/2016\/10\/IMG_0029-300x168.jpg 300w, https:\/\/radsportbezirk-westfalen-mitte.de\/wordpress\/wp-content\/uploads\/2016\/10\/IMG_0029-768x430.jpg 768w, https:\/\/radsportbezirk-westfalen-mitte.de\/wordpress\/wp-content\/uploads\/2016\/10\/IMG_0029-1024x573.jpg 1024w\" sizes=\"auto, (max-width: 500px) 100vw, 500px\" \/><br \/>\n<em>Auf dem Bild: Tobi M\u00fcller li. und Michel He\u00dfmann, erfolgreich in Ahlen.<\/em><\/p>\n<p>&nbsp;<\/p>\n<p>&nbsp;<\/p>\n<p>&nbsp;<\/p>\n<p>&nbsp;<\/p>\n<p>&nbsp;<\/p>\n<h2 align=\"center\"><strong><em>Text und Foto: RSV Unna<\/em><\/strong><\/h2>\n<p>&nbsp;<\/p>\n<p>&nbsp;<\/p>\n<p>&nbsp;<\/p>\n<p>&nbsp;<\/p>\n<p>&nbsp;<\/p>\n","protected":false},"excerpt":{"rendered":"<p>Das vorletzte Stra\u00dfenrennen der Saison wurde am letzten Samstag in Ahlen ausgetragen.<\/p><p><a class=\"more-link btn\" href=\"https:\/\/radsportbezirk-westfalen-mitte.de\/wordpress\/7163\/\">Weiterlesen<\/a><\/p>\n","protected":false},"author":1,"featured_media":0,"comment_status":"closed","ping_status":"closed","sticky":false,"template":"","format":"standard","meta":{"footnotes":""},"categories":[28],"tags":[71,158,203,218,220,290,803],"class_list":["post-7163","post","type-post","status-publish","format-standard","hentry","category-strassenrennsport","tag-rsv-unna","tag-158","tag-luca-harter","tag-strasse","tag-michel-hessmann","tag-julius-draeger","tag-tobias-mueller","wp-image-borders","item-wrap"],"_links":{"self":[{"href":"https:\/\/radsportbezirk-westfalen-mitte.de\/wordpress\/wp-json\/wp\/v2\/posts\/7163","targetHints":{"allow":["GET"]}}],"collection":[{"href":"https:\/\/radsportbezirk-westfalen-mitte.de\/wordpress\/wp-json\/wp\/v2\/posts"}],"about":[{"href":"https:\/\/radsportbezirk-westfalen-mitte.de\/wordpress\/wp-json\/wp\/v2\/types\/post"}],"author":[{"embeddable":true,"href":"https:\/\/radsportbezirk-westfalen-mitte.de\/wordpress\/wp-json\/wp\/v2\/users\/1"}],"replies":[{"embeddable":true,"href":"https:\/\/radsportbezirk-westfalen-mitte.de\/wordpress\/wp-json\/wp\/v2\/comments?post=7163"}],"version-history":[{"count":2,"href":"https:\/\/radsportbezirk-westfalen-mitte.de\/wordpress\/wp-json\/wp\/v2\/posts\/7163\/revisions"}],"predecessor-version":[{"id":11438,"href":"https:\/\/radsportbezirk-westfalen-mitte.de\/wordpress\/wp-json\/wp\/v2\/posts\/7163\/revisions\/11438"}],"wp:attachment":[{"href":"https:\/\/radsportbezirk-westfalen-mitte.de\/wordpress\/wp-json\/wp\/v2\/media?parent=7163"}],"wp:term":[{"taxonomy":"category","embeddable":true,"href":"https:\/\/radsportbezirk-westfalen-mitte.de\/wordpress\/wp-json\/wp\/v2\/categories?post=7163"},{"taxonomy":"post_tag","embeddable":true,"href":"https:\/\/radsportbezirk-westfalen-mitte.de\/wordpress\/wp-json\/wp\/v2\/tags?post=7163"}],"curies":[{"name":"wp","href":"https:\/\/api.w.org\/{rel}","templated":true}]}}