{"id":7126,"date":"2016-08-13T09:15:55","date_gmt":"2016-08-13T07:15:55","guid":{"rendered":"http:\/\/radsportbezirk-westfalen-mitte.de\/wordpress\/?p=7126"},"modified":"2019-04-19T11:11:35","modified_gmt":"2019-04-19T09:11:35","slug":"fuer-olympia-gehe-ich-durch-das-tal-der-traenen","status":"publish","type":"post","link":"https:\/\/radsportbezirk-westfalen-mitte.de\/wordpress\/7126\/","title":{"rendered":"F\u00fcr Olympia gehe ich durch das Tal der Tr\u00e4nen."},"content":{"rendered":"<p>Diesen Satz sagte Charlotte Becker, die ihre gro\u00dfe Karriere mit dem Sieg bei der &#8222;Deutschen&#8220; in Fr\u00f6ndenberg 1996 beim RSV Unna begann, nach ihrem schweren Sturz beim Giro de Italia Anfang Juli.<\/p>\n<p><!--more--><\/p>\n<p>Vier Wochen vor den Olympischen Spielen schien der Traum von der zweiten Olympiateilnahme nach London ausgetr\u00e4umt. Bei dem schweren Sturz brach sie sich dabei ein St\u00fcck des Oberarmknochens und zog sich einen Riss im linken Schulterblatt einen Sehnenriss zu. Nach erfolgreicher Operation sa\u00df sie 3 Tage sp\u00e4ter schon wieder auf dem Home-Trainer, um sich auf die Spiele in RIO vorzubereiten. Auch der Bundestrainer hoffte, dass \u201eLotte\u201c wieder fr\u00fchzeitig fit w\u00fcrde und hielt ihr ihren Platz im Vierer frei.<br \/>\nMit einer unwahrscheinlichen Energie schaffte sie das eigentlich unm\u00f6gliche. Schon nach 3 Wochen trainierte sie mit dem Team auf der Bahn und am 11. August stand sie am den Start der Team Verfolgung in Rio.<br \/>\n9 Teams hatten sich in den letzten 4 Jahren f\u00fcr die Spiele qualifiziert. Als zweites Team nahm die Mannschaft \u201eDeutschland\u201c das Rennen auf. 4000 m mussten gefahren werden. Die ersten 8 Mannschaften erreichten die n\u00e4chste Runde. Eigentlich kein Problem f\u00fcr das Team. Am Anfang lief es f\u00fcr die deutsche Mannschaft sehr gut. Charlotte Becker sollte kurz vor der 1000 m Marke eine lange F\u00fchrung fahren um sich dann f\u00fcr die weiteren L\u00e4ufe zu schonen. Bis dahin ging der Plan auf. Auf den letzten 750 m fiel aber die Mannschaft v\u00f6llig auseinander und kam nur auf den 9. Gesamtrang. V\u00f6llig entt\u00e4uscht mussten die M\u00e4dels mit ansehen, wie die Engl\u00e4nderinnen mit Weltrekordzeit die Goldmedaille holten. Das hatten sie sich anders ertr\u00e4um und f\u00fcr \u201eLotte\u201c ging damit die diesj\u00e4hrige Pechstr\u00e4hne auch in RIO weiter.<\/p>\n<p>&nbsp;<\/p>\n<p align=\"center\"><img loading=\"lazy\" decoding=\"async\" class=\"aligncenter wp-image-7125\" style=\"border: 1px solid black;\" src=\"http:\/\/radsportbezirk-westfalen-mitte.de\/wordpress\/wp-content\/uploads\/2016\/08\/Drahteselmarkt-Unna-2016-und-Team-vorstellung-von-RSV-Unna-184.jpg\" alt=\"\" width=\"500\" height=\"333\" border=\"1\" srcset=\"https:\/\/radsportbezirk-westfalen-mitte.de\/wordpress\/wp-content\/uploads\/2016\/08\/Drahteselmarkt-Unna-2016-und-Team-vorstellung-von-RSV-Unna-184.jpg 3543w, https:\/\/radsportbezirk-westfalen-mitte.de\/wordpress\/wp-content\/uploads\/2016\/08\/Drahteselmarkt-Unna-2016-und-Team-vorstellung-von-RSV-Unna-184-300x200.jpg 300w, https:\/\/radsportbezirk-westfalen-mitte.de\/wordpress\/wp-content\/uploads\/2016\/08\/Drahteselmarkt-Unna-2016-und-Team-vorstellung-von-RSV-Unna-184-768x512.jpg 768w, https:\/\/radsportbezirk-westfalen-mitte.de\/wordpress\/wp-content\/uploads\/2016\/08\/Drahteselmarkt-Unna-2016-und-Team-vorstellung-von-RSV-Unna-184-1024x683.jpg 1024w, https:\/\/radsportbezirk-westfalen-mitte.de\/wordpress\/wp-content\/uploads\/2016\/08\/Drahteselmarkt-Unna-2016-und-Team-vorstellung-von-RSV-Unna-184-1568x1045.jpg 1568w\" sizes=\"auto, (max-width: 500px) 100vw, 500px\" \/><br \/>\n<em>Auf dem Bild: Im Mai noch beim Drahteselmarkt voller Zuversicht<br \/>\nin RIO gut abzuschneiden. Charlotte Becker.<\/em><\/p>\n<p>&nbsp;<\/p>\n<p>&nbsp;<\/p>\n<p>&nbsp;<\/p>\n<p>&nbsp;<\/p>\n<p>&nbsp;<\/p>\n<h2 align=\"center\"><strong><em>Text und Foto: RSV Unna<\/em><\/strong><\/h2>\n<p>&nbsp;<\/p>\n<p>&nbsp;<\/p>\n<p>&nbsp;<\/p>\n<p>&nbsp;<\/p>\n<p>&nbsp;<\/p>\n","protected":false},"excerpt":{"rendered":"<p>Diesen Satz sagte Charlotte Becker, die ihre gro\u00dfe Karriere mit dem Sieg bei der &#8222;Deutschen&#8220; in Fr\u00f6ndenberg 1996 beim RSV Unna begann, nach ihrem schweren Sturz beim Giro de Italia Anfang Juli.<\/p><p><a class=\"more-link btn\" href=\"https:\/\/radsportbezirk-westfalen-mitte.de\/wordpress\/7126\/\">Weiterlesen<\/a><\/p>\n","protected":false},"author":1,"featured_media":0,"comment_status":"closed","ping_status":"closed","sticky":false,"template":"","format":"standard","meta":{"footnotes":""},"categories":[33],"tags":[71,158,218,259],"class_list":["post-7126","post","type-post","status-publish","format-standard","hentry","category-rennsport","tag-rsv-unna","tag-158","tag-strasse","tag-charlotte-becker","wp-image-borders","item-wrap"],"_links":{"self":[{"href":"https:\/\/radsportbezirk-westfalen-mitte.de\/wordpress\/wp-json\/wp\/v2\/posts\/7126","targetHints":{"allow":["GET"]}}],"collection":[{"href":"https:\/\/radsportbezirk-westfalen-mitte.de\/wordpress\/wp-json\/wp\/v2\/posts"}],"about":[{"href":"https:\/\/radsportbezirk-westfalen-mitte.de\/wordpress\/wp-json\/wp\/v2\/types\/post"}],"author":[{"embeddable":true,"href":"https:\/\/radsportbezirk-westfalen-mitte.de\/wordpress\/wp-json\/wp\/v2\/users\/1"}],"replies":[{"embeddable":true,"href":"https:\/\/radsportbezirk-westfalen-mitte.de\/wordpress\/wp-json\/wp\/v2\/comments?post=7126"}],"version-history":[{"count":3,"href":"https:\/\/radsportbezirk-westfalen-mitte.de\/wordpress\/wp-json\/wp\/v2\/posts\/7126\/revisions"}],"predecessor-version":[{"id":10892,"href":"https:\/\/radsportbezirk-westfalen-mitte.de\/wordpress\/wp-json\/wp\/v2\/posts\/7126\/revisions\/10892"}],"wp:attachment":[{"href":"https:\/\/radsportbezirk-westfalen-mitte.de\/wordpress\/wp-json\/wp\/v2\/media?parent=7126"}],"wp:term":[{"taxonomy":"category","embeddable":true,"href":"https:\/\/radsportbezirk-westfalen-mitte.de\/wordpress\/wp-json\/wp\/v2\/categories?post=7126"},{"taxonomy":"post_tag","embeddable":true,"href":"https:\/\/radsportbezirk-westfalen-mitte.de\/wordpress\/wp-json\/wp\/v2\/tags?post=7126"}],"curies":[{"name":"wp","href":"https:\/\/api.w.org\/{rel}","templated":true}]}}