{"id":7005,"date":"2016-03-04T13:37:32","date_gmt":"2016-03-04T12:37:32","guid":{"rendered":"http:\/\/radsportbezirk-westfalen-mitte.de\/wordpress\/?p=7005"},"modified":"2019-04-21T10:40:50","modified_gmt":"2019-04-21T08:40:50","slug":"e-bike-festival-dortmund-2016-presented-by-shimano","status":"publish","type":"post","link":"https:\/\/radsportbezirk-westfalen-mitte.de\/wordpress\/7005\/","title":{"rendered":"E \u2013 BIKE Festival Dortmund 2016 presented by SHIMANO"},"content":{"rendered":"<p style=\"text-align: center;\"><em>[Teilnehmer-Information f\u00fcr Vereine]<\/em><!--more--><\/p>\n<p>&nbsp;<\/p>\n<hr \/>\n<p><em><span style=\"color: #008000;\">&#8222;Liebe Radsportfreunde,<\/span><\/em><\/p>\n<p><em><span style=\"color: #008000;\">gemeinsam mit der Stadt Dortmund veranstalten wir, die PLAN B event company GmbH, vom 15.-17.04.2016 das E \u2014 BIKE Festival Dortmund presented by SHIMANO. PLAN B steht f\u00fcr Festivals im Radsport und Festivals bedeuten f\u00fcr uns neben einer gro\u00dfen Fahrrad-Expo Side-Events zum Mitmachen. Gem\u00e4\u00df unserem Motto \u201eLassen Sie sich anstecken!\u201c, m\u00f6chten wir Sie einladen, Europas gr\u00f6\u00dftes E-Bike Event zu besuchen und an unseren Rennen teilzunehmen.&#8220;<\/span><\/em><\/p>\n<hr \/>\n<p>&nbsp;<\/p>\n<p>&nbsp;<\/p>\n<p style=\"text-align: center;\"><em>[Weitere Infos im Anhang]<\/em><\/p>\n<p>&nbsp;<\/p>\n<p>&nbsp;<\/p>\n<p>&nbsp;<\/p>\n<p>&nbsp;<\/p>\n<p>&nbsp;<\/p>\n<!-- WP Attachments -->\r\n        <div style=\"width:100%;margin:10px 0 10px 0;\">\r\n            <h3>***<\/h3>\r\n        <ul class=\"post-attachments\"><li class=\"post-attachment mime-application-pdf\"><small><i><a target=\"_blank\" rel=\"noopener noreferrer\" href=\"https:\/\/radsportbezirk-westfalen-mitte.de\/wordpress\/wp-content\/uploads\/2016\/03\/EBF_Anschreiben_Vereine_2016.pdf\">EBF_Anschreiben_Vereine_2016<\/a><\/i><\/small><\/li><\/ul><\/div>","protected":false},"excerpt":{"rendered":"<p style=\"text-align: center;\">[Teilnehmer-Information f\u00fcr Vereine]<\/p>\n<p> *** <\/p><p><a class=\"more-link btn\" href=\"https:\/\/radsportbezirk-westfalen-mitte.de\/wordpress\/7005\/\">Weiterlesen<\/a><\/p>\n<ul class=\"post-attachments\">\n<li class=\"post-attachment mime-application-pdf\"><i>EBF_Anschreiben_Vereine_2016<\/i><\/li>\n<\/ul>\n","protected":false},"author":1,"featured_media":0,"comment_status":"closed","ping_status":"closed","sticky":false,"template":"","format":"standard","meta":{"footnotes":""},"categories":[34],"tags":[92,158,630,632],"class_list":["post-7005","post","type-post","status-publish","format-standard","hentry","category-breitensport","tag-dortmund","tag-158","tag-informationen","tag-e-bike-festival","wp-image-borders","item-wrap"],"_links":{"self":[{"href":"https:\/\/radsportbezirk-westfalen-mitte.de\/wordpress\/wp-json\/wp\/v2\/posts\/7005","targetHints":{"allow":["GET"]}}],"collection":[{"href":"https:\/\/radsportbezirk-westfalen-mitte.de\/wordpress\/wp-json\/wp\/v2\/posts"}],"about":[{"href":"https:\/\/radsportbezirk-westfalen-mitte.de\/wordpress\/wp-json\/wp\/v2\/types\/post"}],"author":[{"embeddable":true,"href":"https:\/\/radsportbezirk-westfalen-mitte.de\/wordpress\/wp-json\/wp\/v2\/users\/1"}],"replies":[{"embeddable":true,"href":"https:\/\/radsportbezirk-westfalen-mitte.de\/wordpress\/wp-json\/wp\/v2\/comments?post=7005"}],"version-history":[{"count":6,"href":"https:\/\/radsportbezirk-westfalen-mitte.de\/wordpress\/wp-json\/wp\/v2\/posts\/7005\/revisions"}],"predecessor-version":[{"id":10927,"href":"https:\/\/radsportbezirk-westfalen-mitte.de\/wordpress\/wp-json\/wp\/v2\/posts\/7005\/revisions\/10927"}],"wp:attachment":[{"href":"https:\/\/radsportbezirk-westfalen-mitte.de\/wordpress\/wp-json\/wp\/v2\/media?parent=7005"}],"wp:term":[{"taxonomy":"category","embeddable":true,"href":"https:\/\/radsportbezirk-westfalen-mitte.de\/wordpress\/wp-json\/wp\/v2\/categories?post=7005"},{"taxonomy":"post_tag","embeddable":true,"href":"https:\/\/radsportbezirk-westfalen-mitte.de\/wordpress\/wp-json\/wp\/v2\/tags?post=7005"}],"curies":[{"name":"wp","href":"https:\/\/api.w.org\/{rel}","templated":true}]}}