{"id":6995,"date":"2016-02-16T09:22:39","date_gmt":"2016-02-16T08:22:39","guid":{"rendered":"http:\/\/radsportbezirk-westfalen-mitte.de\/wordpress\/?p=6995"},"modified":"2019-04-15T11:29:29","modified_gmt":"2019-04-15T09:29:29","slug":"einfuehrungsveranstaltung-fahrradparcours","status":"publish","type":"post","link":"https:\/\/radsportbezirk-westfalen-mitte.de\/wordpress\/6995\/","title":{"rendered":"Einf\u00fchrungsveranstaltung Fahrradparcours"},"content":{"rendered":"<p>Liebe Mitgliedsvereine,<\/p>\n<p>die Radsportjugend NRW bietet zum Beginn der neuen Radsportsaison nochmals f\u00fcr alle interessierten Vereine eine Einweisung in den Umgang mit unserem Fahrradparcours an.<\/p>\n<p><!--more--><\/p>\n<p>Die Unterweisung findet am Samstag, 12. M\u00e4rz 2016 von 10:00 \u2013 12:00 Uhr an der Grundschule Burgaltendorf, Alte Hauptstra\u00dfe 50 in Essen statt.<\/p>\n<p>Zun\u00e4chst startet hier eine Erstunterweisung zum allgemeinen Umgang und Aufbau der einzelnen Stationen des Parcours, sowie Sicherungshinweisen.<\/p>\n<p>Im Anschluss findet dann eine weiterf\u00fchrende Schulung mit praktischen Beispielen f\u00fcr die Anwendung an Schulen zur Verkehrserziehung statt. Beginn hierf\u00fcr ist um 13:30 Uhr.<\/p>\n<p>Zwischen den Beiden Schulungen ist f\u00fcr Mittagsverpflegung gesorgt.<\/p>\n<p>Die Schulung findet in der Aula sowie dem Schulgel\u00e4nde statt. Bei schlechtem Wetter findet die praktische Schulung unter dem \u00dcberdachten Teil des Schulhofs statt.<\/p>\n<p>Interessenten melden sich bitte unter <em><a href=\"mailto:info@radsportjugend-nrw.de\" target=\"_blank\" rel=\"noopener noreferrer\">info@radsportjugend-nrw.de<\/a><\/em> bis sp\u00e4testens zum 05.03.2016 an<\/p>\n<p>&nbsp;<\/p>\n<p>Viele Gr\u00fc\u00dfe aus Duisburg<\/p>\n<p><strong><em>Jessica Willemsen<br \/>\n<\/em><\/strong><em>Fachkraft Sportjugend<\/em><\/p>\n<p><strong><em>Radsportverband NRW e. V.<br \/>\nSportschule Wedau<br \/>\nFriedrich-Alfred-Stra\u00dfe 15<br \/>\n47055 Duisburg<\/em><\/strong><\/p>\n<p><em><a href=\"http:\/\/www.radsportverband-nrw.de\/\" target=\"_blank\" rel=\"noopener noreferrer\">www.radsportverband-nrw.de<\/a><\/em><br \/>\n<em><a href=\"http:\/\/www.radsportjugend-nrw.de\/\" target=\"_blank\" rel=\"noopener noreferrer\">www.radsportjugend-nrw.de<\/a><\/em><\/p>\n<p>Fon (02 03) 71 74 123<br \/>\nFax (02 03) 71 74 223<\/p>\n<p><strong>Besuchs- und Sprechzeiten:<\/strong><\/p>\n<p>Montag und Donnerstag \u2013 10:00-15:00 Uhr<\/p>\n<p>&nbsp;<\/p>\n<p>&nbsp;<\/p>\n<p>&nbsp;<\/p>\n<p>&nbsp;<\/p>\n<p>&nbsp;<\/p>\n","protected":false},"excerpt":{"rendered":"<p>Liebe Mitgliedsvereine,<\/p>\n<p>die Radsportjugend NRW bietet zum Beginn der neuen Radsportsaison nochmals f\u00fcr alle interessierten Vereine eine Einweisung in den Umgang mit unserem Fahrradparcours an.<\/p><p><a class=\"more-link btn\" href=\"https:\/\/radsportbezirk-westfalen-mitte.de\/wordpress\/6995\/\">Weiterlesen<\/a><\/p>\n","protected":false},"author":1,"featured_media":0,"comment_status":"closed","ping_status":"closed","sticky":false,"template":"","format":"standard","meta":{"footnotes":""},"categories":[44],"tags":[62,158,526,621],"class_list":["post-6995","post","type-post","status-publish","format-standard","hentry","category-jugendradsport","tag-rsv-nrw","tag-158","tag-radsportjugend","tag-fahrradparcours","wp-image-borders","item-wrap"],"_links":{"self":[{"href":"https:\/\/radsportbezirk-westfalen-mitte.de\/wordpress\/wp-json\/wp\/v2\/posts\/6995","targetHints":{"allow":["GET"]}}],"collection":[{"href":"https:\/\/radsportbezirk-westfalen-mitte.de\/wordpress\/wp-json\/wp\/v2\/posts"}],"about":[{"href":"https:\/\/radsportbezirk-westfalen-mitte.de\/wordpress\/wp-json\/wp\/v2\/types\/post"}],"author":[{"embeddable":true,"href":"https:\/\/radsportbezirk-westfalen-mitte.de\/wordpress\/wp-json\/wp\/v2\/users\/1"}],"replies":[{"embeddable":true,"href":"https:\/\/radsportbezirk-westfalen-mitte.de\/wordpress\/wp-json\/wp\/v2\/comments?post=6995"}],"version-history":[{"count":2,"href":"https:\/\/radsportbezirk-westfalen-mitte.de\/wordpress\/wp-json\/wp\/v2\/posts\/6995\/revisions"}],"predecessor-version":[{"id":10609,"href":"https:\/\/radsportbezirk-westfalen-mitte.de\/wordpress\/wp-json\/wp\/v2\/posts\/6995\/revisions\/10609"}],"wp:attachment":[{"href":"https:\/\/radsportbezirk-westfalen-mitte.de\/wordpress\/wp-json\/wp\/v2\/media?parent=6995"}],"wp:term":[{"taxonomy":"category","embeddable":true,"href":"https:\/\/radsportbezirk-westfalen-mitte.de\/wordpress\/wp-json\/wp\/v2\/categories?post=6995"},{"taxonomy":"post_tag","embeddable":true,"href":"https:\/\/radsportbezirk-westfalen-mitte.de\/wordpress\/wp-json\/wp\/v2\/tags?post=6995"}],"curies":[{"name":"wp","href":"https:\/\/api.w.org\/{rel}","templated":true}]}}