{"id":6987,"date":"2016-02-05T14:33:54","date_gmt":"2016-02-05T13:33:54","guid":{"rendered":"http:\/\/radsportbezirk-westfalen-mitte.de\/wordpress\/?p=6987"},"modified":"2019-04-25T10:35:40","modified_gmt":"2019-04-25T08:35:40","slug":"ctf-2016-vom-tus-neuenrade-radsport","status":"publish","type":"post","link":"https:\/\/radsportbezirk-westfalen-mitte.de\/wordpress\/6987\/","title":{"rendered":"CTF 2016 vom TuS Neuenrade Radsport"},"content":{"rendered":"<p>Am Sonntag, dem 21. Februar 2016, l\u00e4dt euch die Radsportabteilung des TuS Neuenrade zum Radfahren im Winter ein.<\/p>\n<p><!--more--><\/p>\n<p>Wir bieten drei perfekt ausgeschilderte Strecken an, die euch \u00fcber Forststra\u00dfen, Waldwege und ein paar Trails durch das wundersch\u00f6ne Sauerland f\u00fchren .Immer wieder werdet ihr die Ruhe, Natur und die Landschaft genie\u00dfen. Zeit spielt dabei eine untergeordnete Rolle.<br \/>\nNach ca. 10 bis 15km erwarten euch jeweils unsere Stationen mit warmen Getr\u00e4nken und gen\u00fcgend Leckerlies.<br \/>\nDer reinste Genuss, ja wenn, ja wenn nicht der ein oder andere H\u00f6henmeter bew\u00e4ltigt werden m\u00fcsste. Aber ohne Flei\u00df kein\u2026<br \/>\nZur\u00fcck im Ziel erwarten euch unsere Bikehexen mit selbstgebackenen Kuchen, Kaffee, Tee, isotonische Kaltgetr\u00e4nken und leckeren Bratw\u00fcrstchen. In einer lockeren gem\u00fctlichen Atmosph\u00e4re k\u00f6nnt ihr die Tour ausklingen lassen.<\/p>\n<p>&nbsp;<\/p>\n<p>Wir freuen uns auf euch.<\/p>\n<p>&nbsp;<\/p>\n<p><strong>Startort :<\/strong>58809 Neuenrade, Niederheide 3<br \/>\n<strong>Startzeit :<\/strong> 10:00 bis 12:00 Uhr<br \/>\n<strong>Streckenl\u00e4nge :<\/strong> 21 , 35 , 53 km<br \/>\n<strong>GPS-Daten :<\/strong> link befindet sich auf unserer Homepage unter <strong>events<\/strong><br \/>\n<strong>weitere Infos unter<\/strong> : <em><a href=\"http:\/\/www.tus-neuenrade-radsport.de\" target=\"_blank\" rel=\"noopener noreferrer\">www.tus-neuenrade-radsport.de<\/a><\/em><br \/>\n<strong>Ansprechpartner :<\/strong> Felix Loch \u2013 Tel. Nr. 02394\/ 1422 , Mobil 0151 \/ 54437658<br \/>\n<strong>email : <\/strong><em><a href=\"mailto:felix.loch@tus-neuenrade-radsport.de\" target=\"_blank\" rel=\"noopener noreferrer\">felix.loch@tus-neuenrade-radsport.de<\/a><\/em><br \/>\n&nbsp;<\/p>\n<p>&nbsp;<\/p>\n<p>&nbsp;<\/p>\n<p>&nbsp;<\/p>\n<h2 align=\"center\"><strong><em>Text und <a href=\"https:\/\/picasaweb.google.com\/115774983582740096256\/PresseCTF?authkey=Gv1sRgCLuU89qWsa7fZQ&amp;feat=directlink\" target=\"_blank\" rel=\"noopener noreferrer\">Fotos<\/a>: TuS Neuenrade<\/em><\/strong><\/h2>\n<p>&nbsp;<\/p>\n<p>&nbsp;<\/p>\n<p>&nbsp;<\/p>\n<p>&nbsp;<\/p>\n<p>&nbsp;<\/p>\n","protected":false},"excerpt":{"rendered":"<p>Am Sonntag, dem 21. Februar 2016, l\u00e4dt euch die Radsportabteilung des TuS Neuenrade zum Radfahren im Winter ein.<\/p><p><a class=\"more-link btn\" href=\"https:\/\/radsportbezirk-westfalen-mitte.de\/wordpress\/6987\/\">Weiterlesen<\/a><\/p>\n","protected":false},"author":1,"featured_media":0,"comment_status":"closed","ping_status":"closed","sticky":false,"template":"","format":"standard","meta":{"footnotes":""},"categories":[29],"tags":[78,158,173],"class_list":["post-6987","post","type-post","status-publish","format-standard","hentry","category-rtfctf","tag-tus-neuenrade","tag-158","tag-ctf","wp-image-borders","item-wrap"],"_links":{"self":[{"href":"https:\/\/radsportbezirk-westfalen-mitte.de\/wordpress\/wp-json\/wp\/v2\/posts\/6987","targetHints":{"allow":["GET"]}}],"collection":[{"href":"https:\/\/radsportbezirk-westfalen-mitte.de\/wordpress\/wp-json\/wp\/v2\/posts"}],"about":[{"href":"https:\/\/radsportbezirk-westfalen-mitte.de\/wordpress\/wp-json\/wp\/v2\/types\/post"}],"author":[{"embeddable":true,"href":"https:\/\/radsportbezirk-westfalen-mitte.de\/wordpress\/wp-json\/wp\/v2\/users\/1"}],"replies":[{"embeddable":true,"href":"https:\/\/radsportbezirk-westfalen-mitte.de\/wordpress\/wp-json\/wp\/v2\/comments?post=6987"}],"version-history":[{"count":2,"href":"https:\/\/radsportbezirk-westfalen-mitte.de\/wordpress\/wp-json\/wp\/v2\/posts\/6987\/revisions"}],"predecessor-version":[{"id":11302,"href":"https:\/\/radsportbezirk-westfalen-mitte.de\/wordpress\/wp-json\/wp\/v2\/posts\/6987\/revisions\/11302"}],"wp:attachment":[{"href":"https:\/\/radsportbezirk-westfalen-mitte.de\/wordpress\/wp-json\/wp\/v2\/media?parent=6987"}],"wp:term":[{"taxonomy":"category","embeddable":true,"href":"https:\/\/radsportbezirk-westfalen-mitte.de\/wordpress\/wp-json\/wp\/v2\/categories?post=6987"},{"taxonomy":"post_tag","embeddable":true,"href":"https:\/\/radsportbezirk-westfalen-mitte.de\/wordpress\/wp-json\/wp\/v2\/tags?post=6987"}],"curies":[{"name":"wp","href":"https:\/\/api.w.org\/{rel}","templated":true}]}}