{"id":6963,"date":"2015-12-21T08:54:18","date_gmt":"2015-12-21T07:54:18","guid":{"rendered":"http:\/\/radsportbezirk-westfalen-mitte.de\/wordpress\/?p=6963"},"modified":"2019-04-21T11:45:52","modified_gmt":"2019-04-21T09:45:52","slug":"gold-silber-bronze-bei-der-bahn-dm-in-frankfurt-oder","status":"publish","type":"post","link":"https:\/\/radsportbezirk-westfalen-mitte.de\/wordpress\/6963\/","title":{"rendered":"Gold Silber Bronze bei der Bahn DM in Frankfurt Oder"},"content":{"rendered":"<p>Einen kompletten Medaillensatz, Gold, Silber und sogar zweimal Bronze holten die beiden Weltmeister des RSV Unna, Charlotte Becker und Lucas Li\u00df am Wochenende bei den &#8222;Deutschen Bahn Meisterschaften in Frankfurt a. d. O.<\/p>\n<p><!--more--><\/p>\n<p>&#8222;Lotte&#8220; Becker gewann nach zahlreichen DM Titeln auf der Bahn und auf der Stra\u00dfe erstmals den DM Titel im Scratch-Rennen. Ein weiterer gro\u00dfer Erfolg der inzwischen 32 j\u00e4hrigen, die ihre Radsport-Karriere mit 13 Jahren beim RSV Unna begann. Ebenfalls auf dem Podium stand im Elite- Scratch Rennen der amtierende Weltmeister in dieser Disziplin, Lucas Li\u00df vom RSV Unna. Nach einem enorm schnellen Rennen, Lucas wurde als Weltmeister von der deutschen Bahnelite &#8222;stark bewacht&#8220;, holte er sich hinter dem Berliner Maximilian Beyer und dem Cottbuser Roger Kluge die Bronzemedaille.<br \/>\nIn der neuerbauten Oderlandhalle waren die Scratch Rennen zugleich der Auftakt zu den Titelk\u00e4mpfen um die Krone des vielseitigsten Radsportlers im Bahn-Omnium. Jeweils 6 Disziplinen mussten die Frauen und M\u00e4nner an zwei Tagen bestreiten um in dieser harten &#8222;Olympischen Disziplin&#8220; den Deutschen Meister 2015 zu ermitteln. Nach 5 Disziplinen ging &#8222;Lotte&#8220; bei den Frauen punktgleich mit der Europameisterin Anna Knauer in das finale Punktefahren. Trotzdem sie 3 Wertungen gewann, wurde sie auf den letzten Runden noch vom 1. Platz abgefangen. Anna Knauer verteidigte ihren Titel aus dem Vorjahr und in der letzten Wertung verwies die amtierende Weltmeisterin im Punktefahren, Stefanie Pohl, Charlotte Becker auf den 3. und damit Bronze Platz.<br \/>\nHochspannung gab es dann im Omnium der M\u00e4nner. Lucas Li\u00df hatte sich mit dem \u00fcberlegenen Sieg im 1000 m Zeitfahren und dem Sieg im Rundenrekordfahren mit knappen Vorsprung vor Kluge und Beyer nach 5 Disziplinen, wie Lotte Becker&#8220;, an die Spitze des Feldes gesetzt. Der spannende Kampf um den Omniums-Titel dieser 3 Weltklasse-Sportler war der H\u00f6hepunkt beim Renntag des &#8222;Frankfurter Kreisels&#8220;. Beyer, der den Titel des deutsch Scratch Meisters holte, konnte zum Schluss in den Zweikampf Kluge\/Li\u00df nicht mehr eingreifen und kam als 6. Ins Ziel mit einem R\u00fcckstand von 25 Punkten. Mit nur 3 Punkten Unterschied verwies Roger Kluge (198 Punkte) Lucas Li\u00df (195 Punkte) in einem spannenden Finale \u00e4u\u00dferst knapp auf den zweiten Platz. Lucas Li\u00df: &#8222;Ich bin stolz hinter diesem Weltklasse Fahrer, der auf der Stra\u00dfe und auf der Bahn gro\u00dfe Erfolge feiern konnte, u.a.bei den Olympischen Spielen Silber(Peking) gewann und bei Olympia in London Platz 4 belegte, auf den 2. Platz zu kommen. Nach meinem Weltmeister Titel im Februar hatte ich in der gesamten Saison mit gesundheitlichen Problemen zu k\u00e4mpfen. Ich merkte auch heute, dass mir die Rennh\u00e4rte noch fehlt. Diese werde ich in den kommenden Wochen mit vier 6 Tagerennen in Antwerpen, Bremen, Berlin und Kopenhagen hoffentlich wieder zur\u00fcckholen.&#8220;<\/p>\n<p>&nbsp;<\/p>\n<p style=\"text-align: center;\"><img loading=\"lazy\" decoding=\"async\" class=\"aligncenter wp-image-6962\" style=\"border: 1px solid black;\" src=\"http:\/\/radsportbezirk-westfalen-mitte.de\/wordpress\/wp-content\/uploads\/2015\/12\/received_909400519128896.jpg\" alt=\"\" width=\"500\" height=\"319\" border=\"1\" srcset=\"https:\/\/radsportbezirk-westfalen-mitte.de\/wordpress\/wp-content\/uploads\/2015\/12\/received_909400519128896.jpg 1024w, https:\/\/radsportbezirk-westfalen-mitte.de\/wordpress\/wp-content\/uploads\/2015\/12\/received_909400519128896-300x191.jpg 300w, https:\/\/radsportbezirk-westfalen-mitte.de\/wordpress\/wp-content\/uploads\/2015\/12\/received_909400519128896-768x490.jpg 768w\" sizes=\"auto, (max-width: 500px) 100vw, 500px\" \/><br \/>\n<em>Gold Silber Bronze bei der Bahn DM in Frankfurt Oder<\/em><\/p>\n<p>&nbsp;<\/p>\n<p>&nbsp;<\/p>\n<p>&nbsp;<\/p>\n<p>&nbsp;<\/p>\n<p>&nbsp;<\/p>\n<h2 align=\"center\"><strong><em>Text und Foto: RSV Unna<\/em><\/strong><\/h2>\n<p>&nbsp;<\/p>\n<p>&nbsp;<\/p>\n<p>&nbsp;<\/p>\n<p>&nbsp;<\/p>\n<p>&nbsp;<\/p>\n","protected":false},"excerpt":{"rendered":"<p>Einen kompletten Medaillensatz, Gold, Silber und sogar zweimal Bronze holten die beiden Weltmeister des RSV Unna, Charlotte Becker und Lucas Li\u00df am Wochenende bei den &#8222;Deutschen Bahn Meisterschaften in Frankfurt a. d. O.<\/p><p><a class=\"more-link btn\" href=\"https:\/\/radsportbezirk-westfalen-mitte.de\/wordpress\/6963\/\">Weiterlesen<\/a><\/p>\n","protected":false},"author":1,"featured_media":0,"comment_status":"closed","ping_status":"closed","sticky":false,"template":"","format":"standard","meta":{"footnotes":""},"categories":[27],"tags":[71,151,256,259,266,335],"class_list":["post-6963","post","type-post","status-publish","format-standard","hentry","category-bahnrennsport","tag-rsv-unna","tag-151","tag-dm","tag-charlotte-becker","tag-bahn","tag-lucas-liss","wp-image-borders","item-wrap"],"_links":{"self":[{"href":"https:\/\/radsportbezirk-westfalen-mitte.de\/wordpress\/wp-json\/wp\/v2\/posts\/6963","targetHints":{"allow":["GET"]}}],"collection":[{"href":"https:\/\/radsportbezirk-westfalen-mitte.de\/wordpress\/wp-json\/wp\/v2\/posts"}],"about":[{"href":"https:\/\/radsportbezirk-westfalen-mitte.de\/wordpress\/wp-json\/wp\/v2\/types\/post"}],"author":[{"embeddable":true,"href":"https:\/\/radsportbezirk-westfalen-mitte.de\/wordpress\/wp-json\/wp\/v2\/users\/1"}],"replies":[{"embeddable":true,"href":"https:\/\/radsportbezirk-westfalen-mitte.de\/wordpress\/wp-json\/wp\/v2\/comments?post=6963"}],"version-history":[{"count":3,"href":"https:\/\/radsportbezirk-westfalen-mitte.de\/wordpress\/wp-json\/wp\/v2\/posts\/6963\/revisions"}],"predecessor-version":[{"id":10967,"href":"https:\/\/radsportbezirk-westfalen-mitte.de\/wordpress\/wp-json\/wp\/v2\/posts\/6963\/revisions\/10967"}],"wp:attachment":[{"href":"https:\/\/radsportbezirk-westfalen-mitte.de\/wordpress\/wp-json\/wp\/v2\/media?parent=6963"}],"wp:term":[{"taxonomy":"category","embeddable":true,"href":"https:\/\/radsportbezirk-westfalen-mitte.de\/wordpress\/wp-json\/wp\/v2\/categories?post=6963"},{"taxonomy":"post_tag","embeddable":true,"href":"https:\/\/radsportbezirk-westfalen-mitte.de\/wordpress\/wp-json\/wp\/v2\/tags?post=6963"}],"curies":[{"name":"wp","href":"https:\/\/api.w.org\/{rel}","templated":true}]}}