{"id":6943,"date":"2015-11-28T08:54:18","date_gmt":"2015-11-28T07:54:18","guid":{"rendered":"http:\/\/radsportbezirk-westfalen-mitte.de\/wordpress\/?p=6943"},"modified":"2019-04-22T11:07:20","modified_gmt":"2019-04-22T09:07:20","slug":"wieder-ein-kleine-weltreise-fuer-die-rsv-spitzenfahrer-in-charlotte-becker-und-lucas-liss","status":"publish","type":"post","link":"https:\/\/radsportbezirk-westfalen-mitte.de\/wordpress\/6943\/","title":{"rendered":"Wieder ein kleine Weltreise f\u00fcr die RSV Spitzenfahrer\/in Charlotte Becker und Lucas Li\u00df."},"content":{"rendered":"<p><strong>Start beim Bahn-Weltcup in Cambridge\/Neuseeland<\/strong><\/p>\n<p>Vom 4.12.\u20136.12.2015 findet in Neuseeland im Rahmen des Welt-Cup ein weiteres wichtiges Qualifikationsrennen f\u00fcr die Olympischen Spiele in Rio statt.<\/p>\n<p><!--more--><\/p>\n<p>Charlotte Becker will mit dem &#8222;Deutschen Vierer&#8220; die entscheidenden Punkte f\u00fcr die Olympia Teilnahme holen . F\u00fcr Charlotte w\u00e4re dies die 3. Olympiateilnahme.<\/p>\n<p>Enorm schwer wird es f\u00fcr Lucas Li\u00df. Obwohl er vor einem Jahr den Weltcup in Mexico vor dem amtierenden Weltmeister dem Australier O`Shea gewann, in Paris im Fr\u00fchjahr Bahnweltmeister wurde, hat der BDR neue Richtlinien f\u00fcr die Olympia Quali ausgegeben. 3 Spitzensportler des BDR bewerben sich um den Startplatz im Omnium. Roger Kluge, der Spitzenfahrer auf der Bahn und Stra\u00dfe, Maximilian Beyer, der den Omnium Weltcup in London gewann und der zur Zeit einzige amtierende Bahnweltmeister in Deutschland, Lucas Li\u00df.<br \/>\nJeder muss 1 Weltcup fahren und Roger Kluge hat vor 4 Wochen in Cali \/Kolumbien mit dem 2. Platz die Latte sehr hoch gelegt. Hier fehlten aber der Olympiasieger Hansen und der Weltmeister O`Shea.<br \/>\nIn Neuseeland sind sie am Start und Lucas hat einen schweren Stand. Er hat sich in den letzten Wochen u.a mit dem 6 Tagerennen in London und einem Trainingslager auf Mallorca gut vorbereitet. Beyer f\u00e4hrt dann im Januar in China den letzten Weltcup. Dann wird der BDR seine Olympia Starter festlegen.<\/p>\n<p>&nbsp;<\/p>\n<p style=\"text-align: center;\" align=\"&quot;center\"><img loading=\"lazy\" decoding=\"async\" class=\" size-full wp-image-6942\" style=\"border: 1px solid black;\" src=\"http:\/\/radsportbezirk-westfalen-mitte.de\/wordpress\/wp-content\/uploads\/2015\/11\/image4.jpg\" width=\"500\" height=\"375\" border=\"1\" srcset=\"https:\/\/radsportbezirk-westfalen-mitte.de\/wordpress\/wp-content\/uploads\/2015\/11\/image4.jpg 1024w, https:\/\/radsportbezirk-westfalen-mitte.de\/wordpress\/wp-content\/uploads\/2015\/11\/image4-300x225.jpg 300w, https:\/\/radsportbezirk-westfalen-mitte.de\/wordpress\/wp-content\/uploads\/2015\/11\/image4-768x576.jpg 768w\" sizes=\"auto, (max-width: 500px) 100vw, 500px\" \/><br \/>\n<em><br \/>\nAuf dem Bild:<br \/>\nCharlotte Becker und Lucas Li\u00df auf dem Berliner Flughafen vor dem Abflug nach Neuseeland.<\/em><\/p>\n<p>&nbsp;<\/p>\n<p>&nbsp;<\/p>\n<p>&nbsp;<\/p>\n<p>&nbsp;<\/p>\n<p>&nbsp;<\/p>\n<h2 align=\"center\"><strong><em>Text und Foto: RSV Unna<\/em><\/strong><\/h2>\n<p>&nbsp;<\/p>\n<p>&nbsp;<\/p>\n<p>&nbsp;<\/p>\n<p>&nbsp;<\/p>\n<p>&nbsp;<\/p>\n","protected":false},"excerpt":{"rendered":"<p>Start beim Bahn-Weltcup in Cambridge\/Neuseeland<\/p>\n<p>Vom 4.12.\u20136.12.2015 findet in Neuseeland im Rahmen des Welt-Cup ein weiteres wichtiges Qualifikationsrennen f\u00fcr die Olympischen Spiele in Rio statt.<\/p><p><a class=\"more-link btn\" href=\"https:\/\/radsportbezirk-westfalen-mitte.de\/wordpress\/6943\/\">Weiterlesen<\/a><\/p>\n","protected":false},"author":1,"featured_media":0,"comment_status":"closed","ping_status":"closed","sticky":false,"template":"","format":"standard","meta":{"footnotes":""},"categories":[27],"tags":[266,335,71,151,259],"class_list":["post-6943","post","type-post","status-publish","format-standard","hentry","category-bahnrennsport","tag-bahn","tag-lucas-liss","tag-rsv-unna","tag-151","tag-charlotte-becker","wp-image-borders","item-wrap"],"_links":{"self":[{"href":"https:\/\/radsportbezirk-westfalen-mitte.de\/wordpress\/wp-json\/wp\/v2\/posts\/6943","targetHints":{"allow":["GET"]}}],"collection":[{"href":"https:\/\/radsportbezirk-westfalen-mitte.de\/wordpress\/wp-json\/wp\/v2\/posts"}],"about":[{"href":"https:\/\/radsportbezirk-westfalen-mitte.de\/wordpress\/wp-json\/wp\/v2\/types\/post"}],"author":[{"embeddable":true,"href":"https:\/\/radsportbezirk-westfalen-mitte.de\/wordpress\/wp-json\/wp\/v2\/users\/1"}],"replies":[{"embeddable":true,"href":"https:\/\/radsportbezirk-westfalen-mitte.de\/wordpress\/wp-json\/wp\/v2\/comments?post=6943"}],"version-history":[{"count":2,"href":"https:\/\/radsportbezirk-westfalen-mitte.de\/wordpress\/wp-json\/wp\/v2\/posts\/6943\/revisions"}],"predecessor-version":[{"id":10987,"href":"https:\/\/radsportbezirk-westfalen-mitte.de\/wordpress\/wp-json\/wp\/v2\/posts\/6943\/revisions\/10987"}],"wp:attachment":[{"href":"https:\/\/radsportbezirk-westfalen-mitte.de\/wordpress\/wp-json\/wp\/v2\/media?parent=6943"}],"wp:term":[{"taxonomy":"category","embeddable":true,"href":"https:\/\/radsportbezirk-westfalen-mitte.de\/wordpress\/wp-json\/wp\/v2\/categories?post=6943"},{"taxonomy":"post_tag","embeddable":true,"href":"https:\/\/radsportbezirk-westfalen-mitte.de\/wordpress\/wp-json\/wp\/v2\/tags?post=6943"}],"curies":[{"name":"wp","href":"https:\/\/api.w.org\/{rel}","templated":true}]}}