{"id":6921,"date":"2015-10-19T08:58:35","date_gmt":"2015-10-19T06:58:35","guid":{"rendered":"http:\/\/radsportbezirk-westfalen-mitte.de\/wordpress\/?p=6921"},"modified":"2019-04-23T07:52:11","modified_gmt":"2019-04-23T05:52:11","slug":"lucas-liss-hat-bei-der-europameisterschaft-das-minimalziel-erreicht","status":"publish","type":"post","link":"https:\/\/radsportbezirk-westfalen-mitte.de\/wordpress\/6921\/","title":{"rendered":"Lucas Li\u00df hat bei der Europameisterschaft das Minimalziel erreicht."},"content":{"rendered":"<p>Scratch Weltmeister Lucas Li\u00df und Charlotte Becker vertraten in der letzten Woche die deutschen Farben bei den Bahn Europameisterschaften in Grenchen\/Schweiz im olympischen Mehrkampf der Radsportler.<\/p>\n<p><!--more--><\/p>\n<p>Unter normalen Umst\u00e4nden geh\u00f6rte hier der zweifache Euromeister und zweifache Weltcup-Sieger zu den Medaillenkandidaten. Eine Virus Infektion 3 Wochen vor der Meisterschaft verhinderte aber eine gezielte Vorbereitung. Dennoch verkaufte sich der Unnaer in der Schweiz sehr gut.<br \/>\nDer olympische Mehrkampf besteht aus 6 Disziplinen und wird an zwei Tagen ausgefahren.<br \/>\nDen 1. Tag kann Lucas voll abschreiben. Bei der 1. Disziplin, dem Scratch-Rennen, stand der amtierende Scratch-Weltmeister unter starker Beobachtung der Konkurrenz und kam auf Platz 11. Bei dem 4.000 m Zeitfahren lag er mit einer Zeit 4.33. Min. 7 Sekunden unter seiner Bestzeit. Ein Zeichen, dass er noch nicht wieder fit ist. Entt\u00e4uschend dann das Ausscheidungsfahren, bei dem er schon als 4. Von 20 Fahrern ausscheiden musste. Auf Platz 14 beendete er den ersten Tag.<br \/>\nWie ausgewechselt kam er dann am Samstag in den Finaltag. Beim 1000 m Zeitfahren d\u00fcpierte er die geschlossen angetretene Weltelite und holt sich mit einer \u201eBombenzeit\u201c von 1.02.77 den Sieg in dieser Disziplin. Mit Platz 3 im Rundenrekordfahren unterstrich er einmal mehr sein Talent.<br \/>\nDas Finale ist das Punktefahren, Hier z\u00e4hlen alle im Laufe des 40 km Rennens gewonnenen Punkte f\u00fcr das Gesamtergebnis. Das war sein bisher st\u00e4rkstes Punktefahren das ich von Lucas gesehen habe, so Reinhold B\u00f6hm. Er mischte jederzeit vorne mit, gewann eine Runde (20 Punkte Bonus), gewann zwei Wertungen (5 Punkte) und war noch dreimal in den Punkter\u00e4ngen. Aber die am Vortag verlorenen Punkte konnte er nicht mehr aufholen und kam auf Platz 10 und damit auf sein Minimalergebnis.<br \/>\nDer Italiener Elia Viviani, u.a. Etappensieger beim Giro, Englandrundfahrt und mehrfacher Bahn Europa und Weltmeister holte sich den Sieg vor dem d\u00e4nischen Olympiasieger in dieser Disziplin, Lasse Normen Hansen. Auch f\u00fcr Charlotte Becker war diese Durchgangsstation zu den Olympischen Spielen nicht so erfolgreich. Mit Platz 8 in der \u201aTeam Verfolgung lag der BDR Frauen Vierer weit von seinem erhofften Ergebnis (Platz 5) entfernt. Bild: Lucas Li\u00df bei seiner Siegesfahrt \u00fcber 1000 m<\/p>\n<p>&nbsp;<\/p>\n<p style=\"text-align: center;\"><img loading=\"lazy\" decoding=\"async\" class=\"aligncenter wp-image-6920\" style=\"border: 1px solid black;\" src=\"http:\/\/radsportbezirk-westfalen-mitte.de\/wordpress\/wp-content\/uploads\/2015\/10\/Li-1000-m-Zeitfashen-EM-2015.jpg\" alt=\"\" width=\"452\" height=\"500\" border=\"1\" srcset=\"https:\/\/radsportbezirk-westfalen-mitte.de\/wordpress\/wp-content\/uploads\/2015\/10\/Li-1000-m-Zeitfashen-EM-2015.jpg 695w, https:\/\/radsportbezirk-westfalen-mitte.de\/wordpress\/wp-content\/uploads\/2015\/10\/Li-1000-m-Zeitfashen-EM-2015-271x300.jpg 271w\" sizes=\"auto, (max-width: 452px) 100vw, 452px\" \/><br \/>\n<em>Lucas Li\u00df bei seiner Siegesfahrt \u00fcber 1000 m<\/em><\/p>\n<p>&nbsp;<\/p>\n<p>&nbsp;<\/p>\n<p>&nbsp;<\/p>\n<p>&nbsp;<\/p>\n<p>&nbsp;<\/p>\n<h2 align=\"center\"><strong><em>Text und Foto: RSV Unna<\/em><\/strong><\/h2>\n<p>&nbsp;<\/p>\n<p>&nbsp;<\/p>\n<p>&nbsp;<\/p>\n<p>&nbsp;<\/p>\n<p>&nbsp;<\/p>\n","protected":false},"excerpt":{"rendered":"<p>Scratch Weltmeister Lucas Li\u00df und Charlotte Becker vertraten in der letzten Woche die deutschen Farben bei den Bahn Europameisterschaften in Grenchen\/Schweiz im olympischen Mehrkampf der Radsportler.<\/p><p><a class=\"more-link btn\" href=\"https:\/\/radsportbezirk-westfalen-mitte.de\/wordpress\/6921\/\">Weiterlesen<\/a><\/p>\n","protected":false},"author":1,"featured_media":0,"comment_status":"closed","ping_status":"closed","sticky":false,"template":"","format":"standard","meta":{"footnotes":""},"categories":[27],"tags":[71,151,260,266,335],"class_list":["post-6921","post","type-post","status-publish","format-standard","hentry","category-bahnrennsport","tag-rsv-unna","tag-151","tag-em","tag-bahn","tag-lucas-liss","wp-image-borders","item-wrap"],"_links":{"self":[{"href":"https:\/\/radsportbezirk-westfalen-mitte.de\/wordpress\/wp-json\/wp\/v2\/posts\/6921","targetHints":{"allow":["GET"]}}],"collection":[{"href":"https:\/\/radsportbezirk-westfalen-mitte.de\/wordpress\/wp-json\/wp\/v2\/posts"}],"about":[{"href":"https:\/\/radsportbezirk-westfalen-mitte.de\/wordpress\/wp-json\/wp\/v2\/types\/post"}],"author":[{"embeddable":true,"href":"https:\/\/radsportbezirk-westfalen-mitte.de\/wordpress\/wp-json\/wp\/v2\/users\/1"}],"replies":[{"embeddable":true,"href":"https:\/\/radsportbezirk-westfalen-mitte.de\/wordpress\/wp-json\/wp\/v2\/comments?post=6921"}],"version-history":[{"count":2,"href":"https:\/\/radsportbezirk-westfalen-mitte.de\/wordpress\/wp-json\/wp\/v2\/posts\/6921\/revisions"}],"predecessor-version":[{"id":11032,"href":"https:\/\/radsportbezirk-westfalen-mitte.de\/wordpress\/wp-json\/wp\/v2\/posts\/6921\/revisions\/11032"}],"wp:attachment":[{"href":"https:\/\/radsportbezirk-westfalen-mitte.de\/wordpress\/wp-json\/wp\/v2\/media?parent=6921"}],"wp:term":[{"taxonomy":"category","embeddable":true,"href":"https:\/\/radsportbezirk-westfalen-mitte.de\/wordpress\/wp-json\/wp\/v2\/categories?post=6921"},{"taxonomy":"post_tag","embeddable":true,"href":"https:\/\/radsportbezirk-westfalen-mitte.de\/wordpress\/wp-json\/wp\/v2\/tags?post=6921"}],"curies":[{"name":"wp","href":"https:\/\/api.w.org\/{rel}","templated":true}]}}