{"id":6918,"date":"2015-10-13T09:18:40","date_gmt":"2015-10-13T07:18:40","guid":{"rendered":"http:\/\/radsportbezirk-westfalen-mitte.de\/wordpress\/?p=6918"},"modified":"2019-04-23T09:29:20","modified_gmt":"2019-04-23T07:29:20","slug":"charlotte-becker-und-lucas-liss-starten-in-dieser-woche-bei-den-bahn-europameisterschaften-in-der-schweiz","status":"publish","type":"post","link":"https:\/\/radsportbezirk-westfalen-mitte.de\/wordpress\/6918\/","title":{"rendered":"Charlotte Becker und Lucas Li\u00df starten in dieser Woche  bei den Bahn-Europameisterschaften in der Schweiz."},"content":{"rendered":"<p>Die neu erbaute Radrennbahn in Grenchen in der Schweiz ist in dieser Woche (14. bis 18. Oktober) Schauplatz der Bahn-Europameisterschaften.<\/p>\n<p><!--more--><\/p>\n<p>Mit den kontinentalen Titelk\u00e4mpfen wird zugleich der zweite Teil der Olympia-Qualifikation eingel\u00e4utet.<\/p>\n<p>Vom RSV Unna sind Charlotte Becker und Lucas Li\u00df f\u00fcr diese gro\u00dfe Meisterschaft vom BDR nominiert worden. Lucas Li\u00df konnte sich durch eine harte Qualifikationsserie die Startberechtigung f\u00fcr das Omnium erk\u00e4mpfen. Seine diesj\u00e4hrige Pechstr\u00e4hne hatte sich 3 Wochen vor der EM fortgesetzt. Mit einer Virusinfektion konnte er den ersten Vorbereitungslehrgang zu EM nicht mitmachen. Erst 14 Tage vor der Quali nahm er das Training auf. Sein gro\u00dfes Radsporttalent bewies er bei den \u00dcberpr\u00fcfungsrennen 10 Tage vor der EM., die zugleich die Qualifikation f\u00fcr die EM waren. Die besten Bahnfahrer des BDR k\u00e4mpften um den Platz im Omnium. Bei der \u00dcberpr\u00fcfung standen auch ein 1000-Meter-Zeitfahren sowie die Fliegende Runde auf dem Programm. In beiden Wettbewerben war Scratch-Weltmeister Lucas Li\u00df nicht zu schlagen. Die 1000 Meter legte der 23-J\u00e4hrige in 1:02,385 Minuten zur\u00fcck und war damit \u00fcber eine Sekunde schneller als der Zweite, Leon Rohde (1:03,470). Die Fliegende Runde absolvierte Li\u00df in 13,341 Sekunden, Maximilian Beyer war Zweitschnellster in 13,505 Sekunden.<br \/>\nDas war der Grundstein f\u00fcr den Sieg in der EM Qualifikation. ) Der Scratch-Weltmeister aus Unna vertritt damit die deutschen Farben bei der EM im olympischen Mehrkampf (Omnium)<br \/>\nBei den Frauen konzentriert der Bundestrainer Andre Korff auf den Frauen Vierer. Hier setzt er auf Charlotte Becker (Unna), Mieke Kr\u00f6ger (Bielefeld), Stephanie Pohl (Cottbus), Gudrun Stock (M\u00fcnchen) und Lisa Klein<br \/>\n(Lauterbach). \u00abAlle Fahrerinnen sind in guter Form zur Vorbereitung angereist, das l\u00e4sst hoffen. Wir wollen auch auf dem Zug Richtung Olympische Spiele bleiben und m\u00f6glichst bei den Zeiten in dieser Saison ein bisschen nachlegen. Mal sehen, wozu das Team f\u00e4hig ist\u00bb, so Korff.<br \/>\nF\u00fcr Lucas Li\u00df geht die Olympia-Vorbereitung schon zwei Tage nach der EM weiter.<br \/>\nDie Organisatoren des neuen Sechstagerennens in London (18. bis 23. Oktober) haben jetzt die Startliste ver\u00f6ffentlicht, auf der auch f\u00fcnf deutsche Rennfahrer stehen.<br \/>\nSo f\u00fchrt Scratch-Weltmeister Lucas Li\u00df zusammen mit Madison-Weltmeister Morgan Kneisky das Fahrerfeld an. Weitere starke Duos sind Iljo Keisse und Gijs van Hoecke, Kenny de Ketele und Moreno de Pauw (alle Belgien), Niki Terpstra und Yoeri Havik (Niederlande), David Muntaner und Albert Torres sowie die australisch-britische Kombination Glenn O&#8217;Shea und Adam Blyth<\/p>\n<p>&nbsp;<\/p>\n<p align=\"center\"><img loading=\"lazy\" decoding=\"async\" class=\"aligncenter wp-image-6917\" style=\"border: 1px solid black;\" src=\"http:\/\/radsportbezirk-westfalen-mitte.de\/wordpress\/wp-content\/uploads\/2015\/10\/04-Die-Weltmeister-des-RSV-Charlotte-Becker-und-Lucas-Li.jpg\" alt=\"\" width=\"500\" height=\"388\" border=\"1\" srcset=\"https:\/\/radsportbezirk-westfalen-mitte.de\/wordpress\/wp-content\/uploads\/2015\/10\/04-Die-Weltmeister-des-RSV-Charlotte-Becker-und-Lucas-Li.jpg 989w, https:\/\/radsportbezirk-westfalen-mitte.de\/wordpress\/wp-content\/uploads\/2015\/10\/04-Die-Weltmeister-des-RSV-Charlotte-Becker-und-Lucas-Li-300x233.jpg 300w, https:\/\/radsportbezirk-westfalen-mitte.de\/wordpress\/wp-content\/uploads\/2015\/10\/04-Die-Weltmeister-des-RSV-Charlotte-Becker-und-Lucas-Li-768x596.jpg 768w\" sizes=\"auto, (max-width: 500px) 100vw, 500px\" \/><br \/>\n<em>Auf dem Bild: Die beiden Weltmeister des RSV Unna: Charlotte Becker und Lucas Li\u00df<\/em><\/p>\n<p>&nbsp;<\/p>\n<p>&nbsp;<\/p>\n<p>&nbsp;<\/p>\n<p>&nbsp;<\/p>\n<p>&nbsp;<\/p>\n<h2 align=\"center\"><strong><em>Text und Foto: RSV Unna<\/em><\/strong><\/h2>\n<p>&nbsp;<\/p>\n<p>&nbsp;<\/p>\n<p>&nbsp;<\/p>\n<p>&nbsp;<\/p>\n<p>&nbsp;<\/p>\n","protected":false},"excerpt":{"rendered":"<p>Die neu erbaute Radrennbahn in Grenchen in der Schweiz ist in dieser Woche (14. bis 18. Oktober) Schauplatz der Bahn-Europameisterschaften.<\/p><p><a class=\"more-link btn\" href=\"https:\/\/radsportbezirk-westfalen-mitte.de\/wordpress\/6918\/\">Weiterlesen<\/a><\/p>\n","protected":false},"author":1,"featured_media":0,"comment_status":"closed","ping_status":"closed","sticky":false,"template":"","format":"standard","meta":{"footnotes":""},"categories":[27],"tags":[71,151,259,260,266,335],"class_list":["post-6918","post","type-post","status-publish","format-standard","hentry","category-bahnrennsport","tag-rsv-unna","tag-151","tag-charlotte-becker","tag-em","tag-bahn","tag-lucas-liss","wp-image-borders","item-wrap"],"_links":{"self":[{"href":"https:\/\/radsportbezirk-westfalen-mitte.de\/wordpress\/wp-json\/wp\/v2\/posts\/6918","targetHints":{"allow":["GET"]}}],"collection":[{"href":"https:\/\/radsportbezirk-westfalen-mitte.de\/wordpress\/wp-json\/wp\/v2\/posts"}],"about":[{"href":"https:\/\/radsportbezirk-westfalen-mitte.de\/wordpress\/wp-json\/wp\/v2\/types\/post"}],"author":[{"embeddable":true,"href":"https:\/\/radsportbezirk-westfalen-mitte.de\/wordpress\/wp-json\/wp\/v2\/users\/1"}],"replies":[{"embeddable":true,"href":"https:\/\/radsportbezirk-westfalen-mitte.de\/wordpress\/wp-json\/wp\/v2\/comments?post=6918"}],"version-history":[{"count":2,"href":"https:\/\/radsportbezirk-westfalen-mitte.de\/wordpress\/wp-json\/wp\/v2\/posts\/6918\/revisions"}],"predecessor-version":[{"id":11053,"href":"https:\/\/radsportbezirk-westfalen-mitte.de\/wordpress\/wp-json\/wp\/v2\/posts\/6918\/revisions\/11053"}],"wp:attachment":[{"href":"https:\/\/radsportbezirk-westfalen-mitte.de\/wordpress\/wp-json\/wp\/v2\/media?parent=6918"}],"wp:term":[{"taxonomy":"category","embeddable":true,"href":"https:\/\/radsportbezirk-westfalen-mitte.de\/wordpress\/wp-json\/wp\/v2\/categories?post=6918"},{"taxonomy":"post_tag","embeddable":true,"href":"https:\/\/radsportbezirk-westfalen-mitte.de\/wordpress\/wp-json\/wp\/v2\/tags?post=6918"}],"curies":[{"name":"wp","href":"https:\/\/api.w.org\/{rel}","templated":true}]}}