{"id":6878,"date":"2015-08-31T07:20:37","date_gmt":"2015-08-31T05:20:37","guid":{"rendered":"http:\/\/radsportbezirk-westfalen-mitte.de\/wordpress\/?p=6878"},"modified":"2019-05-10T12:10:22","modified_gmt":"2019-05-10T10:10:22","slug":"der-medaillenregen-fuer-rsv-radsportler-bei-den-deutschen-meisterschaften-und-bundesligarennen-in-genthin","status":"publish","type":"post","link":"https:\/\/radsportbezirk-westfalen-mitte.de\/wordpress\/6878\/","title":{"rendered":"Der Medaillenregen f\u00fcr RSV Radsportler bei den &#8222;Deutschen Meisterschaften und Bundesligarennen in Genthin"},"content":{"rendered":"<p>2015 ist ein weiteres Erfolgsjahr f\u00fcr den Unnaer Radsport: Es begann im Februar mit dem Gewinn des Weltmeister-Titel durch Lucas Li\u00df in Paris.<\/p>\n<p><!--more--><\/p>\n<p>Inzwischen holten sich die Radsportler des RSV Unna zahlreiche Medaillen bei den NRW Meisterschaften und Medaillen bei den &#8222;Deutschen Meisterschaften&#8220;. Am Sonntag ging es bei den Deutschen Meisterschaften in Genthin (Sachsen Anhalt) mit der Erfolgsserie weiter. Franziska Koch unterstrich einmal mehr, dass sie die vielseitigste Jugendfahrerin im Bund Deutscher Radfahrer ist. In Genthin holte sie sich im Einzelzeitfahren die Bronze Medaille und komplettierte ihren gro\u00dfartigen Medaillensatz. Gold im Stra\u00dfenrennen, Silber im Mountainbike und Bronze im Zeitfahren, das ist die diesj\u00e4hrige Bilanz bei Deutschen Meisterschaften. Auf Platz 23 landete Carlotta Vo\u00df. Die Medaillensammlung f\u00fcr den heimischen Radsport erh\u00f6hte der talentierte Jugendfahrer Jon Knolle. Schon vor zwei Jahren gewann er in der Sch\u00fclerklasse mit dem NRW Team die Bronzemedaille. In diesem Jahr &#8222;versilberte&#8220; er diese Medaille mit der Jugend-NRW Mannschaft die mit Johannes Hodapp, G\u00fctersloh, Per Christian M\u00fcnstermann, D\u00fcsseldorf , Constantin Tenbrok, Bocholt und Jon Knolle vom RSV Unna nur den Favoriten aus Rheinland\/Pfalz unterlagen.<\/p>\n<p>Eine weitere Silbermedaille gewann Luca Felix Happke mit dem NRW Junioren Vierer. Zus\u00e4tzlich festigte das NRW-Team mit diesem gro\u00dfen Erfolg ihren 2. Platz in der Radsport-Bundesliga 2015,<\/p>\n<p>In der Top besetzten Profi Elite Klasse gewann Lukas L\u00f6er im Team Kuota-Lotte ebenfalls die Silbermedaille. Inmitten der Profi Teams kam die j\u00fcngste Mannschaft, die NRW Auswahl, mit Aaron Grosser und dem Bergkamener Jan Tschernoster auf den hervorragenden 5. Platz. Das j\u00fcngste Team der Radsport-Bundesliga konnte ihren 7. Platz in der Bundesliga-Wertung damit verteidigen. Das harte Training und die vielen Autofahrten zum Trainingsst\u00fctzpunkt Neuss-B\u00fcttgen haben sich mit diesen gro\u00dfen Erfolgen ausgezahlt. 4 x Silber 1 x Bronze und ein gro\u00dfartiger 5. Platz, eine stolze Bilanz der jungen heimischen Radsportler.<\/p>\n<p>&nbsp;<\/p>\n<p align=\"center\"><img loading=\"lazy\" decoding=\"async\" class=\"aligncenter wp-image-6876\" style=\"border: 1px solid black;\" src=\"http:\/\/radsportbezirk-westfalen-mitte.de\/wordpress\/wp-content\/uploads\/2015\/08\/DM-3.-Franzi-Koch-re-Genthin-2015.jpg\" alt=\"\" width=\"500\" height=\"413\" border=\"1\" srcset=\"https:\/\/radsportbezirk-westfalen-mitte.de\/wordpress\/wp-content\/uploads\/2015\/08\/DM-3.-Franzi-Koch-re-Genthin-2015.jpg 758w, https:\/\/radsportbezirk-westfalen-mitte.de\/wordpress\/wp-content\/uploads\/2015\/08\/DM-3.-Franzi-Koch-re-Genthin-2015-300x248.jpg 300w\" sizes=\"auto, (max-width: 500px) 100vw, 500px\" \/><\/p>\n<p align=\"center\"><img loading=\"lazy\" decoding=\"async\" class=\"aligncenter wp-image-6877\" style=\"border: 1px solid black;\" src=\"http:\/\/radsportbezirk-westfalen-mitte.de\/wordpress\/wp-content\/uploads\/2015\/08\/Jon-Knolle-li-Silber-bei-DM-Genthin-2015.jpg\" alt=\"\" width=\"500\" height=\"375\" border=\"1\" srcset=\"https:\/\/radsportbezirk-westfalen-mitte.de\/wordpress\/wp-content\/uploads\/2015\/08\/Jon-Knolle-li-Silber-bei-DM-Genthin-2015.jpg 1012w, https:\/\/radsportbezirk-westfalen-mitte.de\/wordpress\/wp-content\/uploads\/2015\/08\/Jon-Knolle-li-Silber-bei-DM-Genthin-2015-300x225.jpg 300w, https:\/\/radsportbezirk-westfalen-mitte.de\/wordpress\/wp-content\/uploads\/2015\/08\/Jon-Knolle-li-Silber-bei-DM-Genthin-2015-768x575.jpg 768w\" sizes=\"auto, (max-width: 500px) 100vw, 500px\" \/><\/p>\n<p>&nbsp;<\/p>\n<p>&nbsp;<\/p>\n<p>&nbsp;<\/p>\n<p>&nbsp;<\/p>\n<p>&nbsp;<\/p>\n<h2 align=\"center\"><strong><em>Text und Fotos: RSV Unna<\/em><\/strong><\/h2>\n<p>&nbsp;<\/p>\n<p>&nbsp;<\/p>\n<p>&nbsp;<\/p>\n<p>&nbsp;<\/p>\n<p>&nbsp;<\/p>\n","protected":false},"excerpt":{"rendered":"<p>2015 ist ein weiteres Erfolgsjahr f\u00fcr den Unnaer Radsport: Es begann im Februar mit dem Gewinn des Weltmeister-Titel durch Lucas Li\u00df in Paris.<\/p><p><a class=\"more-link btn\" href=\"https:\/\/radsportbezirk-westfalen-mitte.de\/wordpress\/6878\/\">Weiterlesen<\/a><\/p>\n","protected":false},"author":1,"featured_media":0,"comment_status":"closed","ping_status":"closed","sticky":false,"template":"","format":"standard","meta":{"footnotes":""},"categories":[33],"tags":[403,557,71,151,255,258,267,337,355],"class_list":["post-6878","post","type-post","status-publish","format-standard","hentry","category-rennsport","tag-carlotta-voss","tag-jan-tschernoster","tag-rsv-unna","tag-151","tag-aaron-grosser","tag-franziska-koch","tag-luca-felix-happke","tag-jon-knolle","tag-lukas-loeer","wp-image-borders","item-wrap"],"_links":{"self":[{"href":"https:\/\/radsportbezirk-westfalen-mitte.de\/wordpress\/wp-json\/wp\/v2\/posts\/6878","targetHints":{"allow":["GET"]}}],"collection":[{"href":"https:\/\/radsportbezirk-westfalen-mitte.de\/wordpress\/wp-json\/wp\/v2\/posts"}],"about":[{"href":"https:\/\/radsportbezirk-westfalen-mitte.de\/wordpress\/wp-json\/wp\/v2\/types\/post"}],"author":[{"embeddable":true,"href":"https:\/\/radsportbezirk-westfalen-mitte.de\/wordpress\/wp-json\/wp\/v2\/users\/1"}],"replies":[{"embeddable":true,"href":"https:\/\/radsportbezirk-westfalen-mitte.de\/wordpress\/wp-json\/wp\/v2\/comments?post=6878"}],"version-history":[{"count":1,"href":"https:\/\/radsportbezirk-westfalen-mitte.de\/wordpress\/wp-json\/wp\/v2\/posts\/6878\/revisions"}],"predecessor-version":[{"id":12082,"href":"https:\/\/radsportbezirk-westfalen-mitte.de\/wordpress\/wp-json\/wp\/v2\/posts\/6878\/revisions\/12082"}],"wp:attachment":[{"href":"https:\/\/radsportbezirk-westfalen-mitte.de\/wordpress\/wp-json\/wp\/v2\/media?parent=6878"}],"wp:term":[{"taxonomy":"category","embeddable":true,"href":"https:\/\/radsportbezirk-westfalen-mitte.de\/wordpress\/wp-json\/wp\/v2\/categories?post=6878"},{"taxonomy":"post_tag","embeddable":true,"href":"https:\/\/radsportbezirk-westfalen-mitte.de\/wordpress\/wp-json\/wp\/v2\/tags?post=6878"}],"curies":[{"name":"wp","href":"https:\/\/api.w.org\/{rel}","templated":true}]}}