{"id":6805,"date":"2015-06-17T09:19:37","date_gmt":"2015-06-17T07:19:37","guid":{"rendered":"http:\/\/radsportbezirk-westfalen-mitte.de\/wordpress\/?p=6805"},"modified":"2019-05-12T11:30:51","modified_gmt":"2019-05-12T09:30:51","slug":"2-paracycling-weltcup-in-yverdon-les-bains","status":"publish","type":"post","link":"https:\/\/radsportbezirk-westfalen-mitte.de\/wordpress\/6805\/","title":{"rendered":"2. Paracycling-Weltcup in Yverdon les bains"},"content":{"rendered":"<p>Im westschweizerischen Yverdon les bains am Neuburger See traf sich die Weltelite zum 2. UCI Paracycling Weltcup &#8211; eine beeindruckende Kulisse mit diesem herrlichen See umrahmt von den imposanten Schweizer Alpen.<\/p>\n<p><!--more--><\/p>\n<p>Am Sonntag startete diese Veranstaltung mit dem Einzelzeitfahren \u00fcber 14,5 Kilometer &#8211; flach entlang des Ostufers mit einigen &#8222;tricky&#8220; Kurven auf den letzten 3 Kilometern.<\/p>\n<p>Bei herrlichem Sonnenwetter ging es f\u00fcr uns Dreiradfahrer Klassifikation T3 ab 10:40 Uhr im \u00fcblichen 1-Minuten- Abstand von der Rampe.<\/p>\n<p>So konnte ich den TT-Kurs in 22:10:44 min absolvieren &#8211; eine Durchschnittsgeschwindigkeit von 38:29 km\/h &#8211; Platz 1. und wichtige 30 Nationenpunkte auf dem Weg nach Rio 2016 &#8211; die ja Anfang des Jahres dann unsere Startpl\u00e4tze ergeben.<\/p>\n<p>Die Platzierten waren der US-Amerikaner Ryan Boyle und Livio Raggino aus Itlaien &#8211; mein Dortmunder Vereinskollege bei Sturm Hombruch David Wiegmans belegte den 10. Platz mit 25:46:69.<\/p>\n<p>Bei den Damen WT2 konnte meine Nationalmannschaftskollegin Jana Majunke ebenfalls erfolgreich den 2. Platz belegen.<\/p>\n<p>Am Montag dann um 11 Uhr Start zum Stra\u00dfenrennen &#8211; Start vor dem historischen Grand Hotel Les Bains in Yverdon.<\/p>\n<p>Leider wolkenbruchartiger Regen schon beim Warmfahren und beim Start &#8211; f\u00fcr die Zuseher, die Veranstalter und Betreuer noch viel schlimmer als f\u00fcr uns Athleten.<\/p>\n<p>Die Strecke war das schwerste Profil seitdem ich diesen wunderbaren Sport Paracycling aus\u00fcber &#8211; 505 HM \u00fcber 30 Kilometer &#8211; dazu nat\u00fcrlich beim Rundkurs die Serpentinabfahrten &#8211; f\u00fcr uns Dreiradfahrer eine echte Herausforderung und auch \u00dcberwindung der Angst.<\/p>\n<p>So war das Ziel in der Trainerbesprechung gleich am ersten Berg die Attacken mitgehen, um bei der 1. Abfahrt mit vorne zu sein um m\u00f6glichen Kollissionen aus dem Weg zu gehen.<\/p>\n<p>So konnten sich 5 Fahrer auf den ersten 3 ansteigenden Klometern absetzen, die jungen Wilden machten ihrem Namen wirklich Ehre und ich versuchte meine Erfahrung dagegen zu halten.<\/p>\n<p>Beim 2. Anstieg versuchte ich die Attacke vom US-Boy Ryan Boyle und vom Tschechen David Vondracek mitzugehen, konnte mich sogar auf den letzten 400 Metern vor der Abfahrt etwas absetzen.<\/p>\n<p>Die Beiden \u00fcberrollten mich zwar bei der Abfahrt wieder &#8211; ich wusste aber f\u00fcr die n\u00e4chste Runde, dass die Beine bei mir mitmachten.<\/p>\n<p>So nutzte ich nach der 1. Zieldurchfahrt sofort den 1. Anstieg \u00fcber 10 % wieder, um mich abzusetzen und konnte so mein Tempo umsetzen.<\/p>\n<p>Am Ende konnte ich nach 1:03 Stundendie Ziellinie \u00fcberqueren mit 39 Sekunden Vorsprung vor Ryan Boyle und David Vondracek &#8211; ein besonderes Gef\u00fchl f\u00fcr das gef\u00fchlt schwerste Radrennen Paracxcling in meinem noch jungen Leben \ud83d\ude42<\/p>\n<p>Und in der Schweiz zu gewinnen macht besondere Freude &#8211; ist die Siegpr\u00e4mie doch eine 300 Gramm schwere Tafel Schokolade \ud83d\ude42<\/p>\n<p>Leider musste David Wiegmans das Rennen aufgeben &#8211; Jana Majunke aus Cottbus konnte ihre St\u00e4rke am Berg voll einbringen und fuhr als Siegerin durchs Ziel &#8211; grandios.<\/p>\n<p>Was mich aber ganz besonders freut &#8211; ich bin aktuell nun Tr\u00e4ger des UCI-Weltcup-F\u00fchrenden- Trikots &#8211; es blieb mit bislang immer verwehrt wegen Krankheit oder &#8222;Finanzmittelknappheit&#8220; bei mindestens 1 Weltcuprennen der Saison &#8211; es ist seit Jahren ein gro\u00dfes sportliches Ziel von mir, diese Kategorie einmal zu gewinnen.<\/p>\n<p>Die Zwischenziele sind erreicht &#8211; die entg\u00fcltige Qualifikation f\u00fcr die WM in Nottwil vom 27.7. &#8211; 2.8. 2015 &#8211; und die F\u00fchrung sowohl in der UCI Weltcup-Wertung als auch die aktuelle F\u00fchrung in der Weltrangliste.<\/p>\n<p>Nun gilt es in der Heimat Ruhe zu finden f\u00fcr die so wichtige aktive Regeneration &#8211; am Wochenende die Teilnahme am PSD-Bank Westfalen Traithlon im Kreis der Freunde &#8211; und dann die ultimative Vorbereitung auf die beiden Saisonh\u00f6hepunkte mit dem Deutschen Weltcup in Elzach\/Schwarzwald und der Weltmeisterschaft im schweizerischen Nottwil &#8211; wir fahren daf\u00fcr ab Ende n\u00e4chster Woche mit der DBS-Nationalmannschaft nach St. Moritz ins H\u00f6hentrainingslager &#8211; Vorfreude pur.<\/p>\n<p>&nbsp;<\/p>\n<p style=\"text-align: center;\">\u00a0<img loading=\"lazy\" decoding=\"async\" class=\"aligncenter wp-image-6802\" style=\"border: 1px solid black;\" src=\"http:\/\/radsportbezirk-westfalen-mitte.de\/wordpress\/wp-content\/uploads\/2015\/06\/Sieg-im-Einzelzeitfahren-2015.jpg\" alt=\"\" width=\"458\" height=\"500\" border=\"1\" srcset=\"https:\/\/radsportbezirk-westfalen-mitte.de\/wordpress\/wp-content\/uploads\/2015\/06\/Sieg-im-Einzelzeitfahren-2015.jpg 1045w, https:\/\/radsportbezirk-westfalen-mitte.de\/wordpress\/wp-content\/uploads\/2015\/06\/Sieg-im-Einzelzeitfahren-2015-275x300.jpg 275w, https:\/\/radsportbezirk-westfalen-mitte.de\/wordpress\/wp-content\/uploads\/2015\/06\/Sieg-im-Einzelzeitfahren-2015-768x839.jpg 768w, https:\/\/radsportbezirk-westfalen-mitte.de\/wordpress\/wp-content\/uploads\/2015\/06\/Sieg-im-Einzelzeitfahren-2015-937x1024.jpg 937w\" sizes=\"auto, (max-width: 458px) 100vw, 458px\" \/><em>Sieg im Einzelzeitfahren<\/em><\/p>\n<p>&nbsp;<\/p>\n<p style=\"text-align: center;\"><img loading=\"lazy\" decoding=\"async\" class=\"aligncenter wp-image-6803\" style=\"border: 1px solid black;\" src=\"http:\/\/radsportbezirk-westfalen-mitte.de\/wordpress\/wp-content\/uploads\/2015\/06\/Sieg-im-Straenrennen-Yverdon-2015.jpg\" alt=\"\" width=\"500\" height=\"492\" border=\"1\" srcset=\"https:\/\/radsportbezirk-westfalen-mitte.de\/wordpress\/wp-content\/uploads\/2015\/06\/Sieg-im-Straenrennen-Yverdon-2015.jpg 1005w, https:\/\/radsportbezirk-westfalen-mitte.de\/wordpress\/wp-content\/uploads\/2015\/06\/Sieg-im-Straenrennen-Yverdon-2015-300x295.jpg 300w, https:\/\/radsportbezirk-westfalen-mitte.de\/wordpress\/wp-content\/uploads\/2015\/06\/Sieg-im-Straenrennen-Yverdon-2015-768x755.jpg 768w\" sizes=\"auto, (max-width: 500px) 100vw, 500px\" \/><em>Sieg im Strassenrennen<\/em><\/p>\n<p>&nbsp;<\/p>\n<p style=\"text-align: center;\"><img loading=\"lazy\" decoding=\"async\" class=\"aligncenter wp-image-6804\" style=\"border: 1px solid black;\" src=\"http:\/\/radsportbezirk-westfalen-mitte.de\/wordpress\/wp-content\/uploads\/2015\/06\/IMAG0746-1.jpg\" alt=\"\" width=\"256\" height=\"500\" border=\"1\" srcset=\"https:\/\/radsportbezirk-westfalen-mitte.de\/wordpress\/wp-content\/uploads\/2015\/06\/IMAG0746-1.jpg 477w, https:\/\/radsportbezirk-westfalen-mitte.de\/wordpress\/wp-content\/uploads\/2015\/06\/IMAG0746-1-153x300.jpg 153w\" sizes=\"auto, (max-width: 256px) 100vw, 256px\" \/><\/p>\n<p>&nbsp;<\/p>\n<p>&nbsp;<\/p>\n<p>&nbsp;<\/p>\n<p>&nbsp;<\/p>\n<p>&nbsp;<\/p>\n<h2 style=\"text-align: center;\"><em><strong>Text &amp; Fotos: Hans-Peter Durst<\/strong><\/em><\/h2>\n<p>&nbsp;<\/p>\n<p>&nbsp;<\/p>\n<p>&nbsp;<\/p>\n<p>&nbsp;<\/p>\n<p>&nbsp;<\/p>\n","protected":false},"excerpt":{"rendered":"<p>Im westschweizerischen Yverdon les bains am Neuburger See traf sich die Weltelite zum 2. UCI Paracycling Weltcup &#8211; eine beeindruckende Kulisse mit diesem herrlichen See umrahmt von den imposanten Schweizer Alpen.<\/p><p><a class=\"more-link btn\" href=\"https:\/\/radsportbezirk-westfalen-mitte.de\/wordpress\/6805\/\">Weiterlesen<\/a><\/p>\n","protected":false},"author":1,"featured_media":0,"comment_status":"closed","ping_status":"closed","sticky":false,"template":"","format":"standard","meta":{"footnotes":""},"categories":[54],"tags":[151,201,345,347],"class_list":["post-6805","post","type-post","status-publish","format-standard","hentry","category-paracycling","tag-151","tag-weltcup","tag-paracycling","tag-hans-peter-durst","wp-image-borders","item-wrap"],"_links":{"self":[{"href":"https:\/\/radsportbezirk-westfalen-mitte.de\/wordpress\/wp-json\/wp\/v2\/posts\/6805","targetHints":{"allow":["GET"]}}],"collection":[{"href":"https:\/\/radsportbezirk-westfalen-mitte.de\/wordpress\/wp-json\/wp\/v2\/posts"}],"about":[{"href":"https:\/\/radsportbezirk-westfalen-mitte.de\/wordpress\/wp-json\/wp\/v2\/types\/post"}],"author":[{"embeddable":true,"href":"https:\/\/radsportbezirk-westfalen-mitte.de\/wordpress\/wp-json\/wp\/v2\/users\/1"}],"replies":[{"embeddable":true,"href":"https:\/\/radsportbezirk-westfalen-mitte.de\/wordpress\/wp-json\/wp\/v2\/comments?post=6805"}],"version-history":[{"count":2,"href":"https:\/\/radsportbezirk-westfalen-mitte.de\/wordpress\/wp-json\/wp\/v2\/posts\/6805\/revisions"}],"predecessor-version":[{"id":12248,"href":"https:\/\/radsportbezirk-westfalen-mitte.de\/wordpress\/wp-json\/wp\/v2\/posts\/6805\/revisions\/12248"}],"wp:attachment":[{"href":"https:\/\/radsportbezirk-westfalen-mitte.de\/wordpress\/wp-json\/wp\/v2\/media?parent=6805"}],"wp:term":[{"taxonomy":"category","embeddable":true,"href":"https:\/\/radsportbezirk-westfalen-mitte.de\/wordpress\/wp-json\/wp\/v2\/categories?post=6805"},{"taxonomy":"post_tag","embeddable":true,"href":"https:\/\/radsportbezirk-westfalen-mitte.de\/wordpress\/wp-json\/wp\/v2\/tags?post=6805"}],"curies":[{"name":"wp","href":"https:\/\/api.w.org\/{rel}","templated":true}]}}