{"id":6793,"date":"2015-06-03T07:34:45","date_gmt":"2015-06-03T05:34:45","guid":{"rendered":"http:\/\/radsportbezirk-westfalen-mitte.de\/wordpress\/?p=6793"},"modified":"2019-05-05T12:26:36","modified_gmt":"2019-05-05T10:26:36","slug":"hilfeersuchen-asc-09-dortmund-e-v","status":"publish","type":"post","link":"https:\/\/radsportbezirk-westfalen-mitte.de\/wordpress\/6793\/","title":{"rendered":"Hilfeersuchen ASC 09 Dortmund e.V."},"content":{"rendered":"<p>Hallo Radsportler\/innen<\/p>\n<p>F\u00fcr unsere RTF und f\u00fcr unseren Radmarathon Sauerland e<strong><span style=\"font-size: 14.0pt; color: red;\">X<\/span><\/strong>treme, am 8.August. k\u00f6nnten wir noch etwas Unterst\u00fctzung gebrauchen.<\/p>\n<p><!--more--><\/p>\n<p style=\"text-align: center;\"><img loading=\"lazy\" decoding=\"async\" class=\"alignnone wp-image-6791\" style=\"border: 1px solid black;\" src=\"http:\/\/radsportbezirk-westfalen-mitte.de\/wordpress\/wp-content\/uploads\/2015\/06\/Wir-suchen-genau-Dich.jpg\" alt=\"\" width=\"500\" height=\"353\" border=\"1\" srcset=\"https:\/\/radsportbezirk-westfalen-mitte.de\/wordpress\/wp-content\/uploads\/2015\/06\/Wir-suchen-genau-Dich.jpg 1000w, https:\/\/radsportbezirk-westfalen-mitte.de\/wordpress\/wp-content\/uploads\/2015\/06\/Wir-suchen-genau-Dich-300x212.jpg 300w, https:\/\/radsportbezirk-westfalen-mitte.de\/wordpress\/wp-content\/uploads\/2015\/06\/Wir-suchen-genau-Dich-768x541.jpg 768w\" sizes=\"auto, (max-width: 500px) 100vw, 500px\" \/><\/p>\n<p>Und zwar von Donnerstag, 6. August ab 10:00 Uhr bis Sonntag, 9. August, 17:00 Uhr.<\/p>\n<p>Ob nur einige Stunden am Tag, halbe\/ganze Tage oder gleich das ganze Wochenende.<br \/>\nWir brauchen jede Hand und jeden Helfer.<\/p>\n<p>Am Donnerstag zum Autos abholen, Vereinsgarage ausr\u00e4umen und Festplatz aufbauen.<br \/>\nAm Freitag am Festplatz ab 9:00 Uhr, unterwegs auf Strecke und am Platz.<br \/>\nAm Freitag suchen wir ab 14:30 Uhr mehrere Parkplatzeinweiser, die idealerweise auch am Samstag so ab 3:30 Uhr bis etwa 9:00 Uhr einsatzbereit w\u00e4ren.<\/p>\n<p>Du willst samstags lieber auf der Strecke eingesetzt werden, an einer Kontrolle, oder doch lieber am Festplatz?<br \/>\nWir h\u00e4tten f\u00fcr jeden noch was im Angebot.<\/p>\n<p style=\"text-align: center;\"><img loading=\"lazy\" decoding=\"async\" class=\"alignnone wp-image-6792\" style=\"border: 1px solid black;\" src=\"http:\/\/radsportbezirk-westfalen-mitte.de\/wordpress\/wp-content\/uploads\/2015\/06\/Wir-suchen-Helfer_2.jpg\" alt=\"\" width=\"500\" height=\"349\" border=\"1\" srcset=\"https:\/\/radsportbezirk-westfalen-mitte.de\/wordpress\/wp-content\/uploads\/2015\/06\/Wir-suchen-Helfer_2.jpg 1000w, https:\/\/radsportbezirk-westfalen-mitte.de\/wordpress\/wp-content\/uploads\/2015\/06\/Wir-suchen-Helfer_2-300x209.jpg 300w, https:\/\/radsportbezirk-westfalen-mitte.de\/wordpress\/wp-content\/uploads\/2015\/06\/Wir-suchen-Helfer_2-768x535.jpg 768w\" sizes=\"auto, (max-width: 500px) 100vw, 500px\" \/><\/p>\n<p>Wir bieten nat\u00fcrlich auch was.<br \/>\nDas Gesetz nennt es im Amtsdeutsch: \u201eEhrenamt Aufwandsentsch\u00e4digung\u201c, wir nennen es Bares.<br \/>\nZus\u00e4tzlich gibt es am Einsatztag freie Verpflegung und nat\u00fcrlich unser exklusives Helfer-Shirt.<\/p>\n<p>Bewerbungen bitte mit Angabe wann Du gerne wo eingesetzt werden m\u00f6chtest und wie lange Du maximal Zeit hast.<\/p>\n<p>&nbsp;<\/p>\n<p>Mit radsportlichem Gru\u00df<\/p>\n<p><strong>Norbert Adam<\/strong><br \/>\n<em>Abteilungsleiter &amp; RTF Fachwart<\/em><br \/>\n<em>ASC 09 Dortmund e.V. Abt. Radsport<\/em><\/p>\n<p>&nbsp;<\/p>\n<p>Weitere Vereins- &amp; Veranstaltungsinformationen unter<\/p>\n<p><em><a href=\"http:\/\/www.asc09-radsport.de\" target=\"_blank\" rel=\"noopener noreferrer\">www.asc09-radsport.de<\/a><\/em><br \/>\n<em><a href=\"http:\/\/www.sauerland-extreme.de\" target=\"_blank\" rel=\"noopener noreferrer\">www.sauerland-extreme.de<\/a><\/em><br \/>\n<em><a href=\"http:\/\/www.radmarathoncup.de\" target=\"_blank\" rel=\"noopener noreferrer\">www.radmarathoncup.de<\/a><\/em><\/p>\n<p>&nbsp;<\/p>\n<p>&nbsp;<\/p>\n<p>&nbsp;<\/p>\n<p>&nbsp;<\/p>\n<p>&nbsp;<\/p>\n","protected":false},"excerpt":{"rendered":"<p>Hallo Radsportler\/innen<\/p>\n<p>F\u00fcr unsere RTF und f\u00fcr unseren Radmarathon Sauerland eXtreme, am 8.August. k\u00f6nnten wir noch etwas Unterst\u00fctzung gebrauchen.<\/p><p><a class=\"more-link btn\" href=\"https:\/\/radsportbezirk-westfalen-mitte.de\/wordpress\/6793\/\">Weiterlesen<\/a><\/p>\n","protected":false},"author":1,"featured_media":0,"comment_status":"closed","ping_status":"closed","sticky":false,"template":"","format":"standard","meta":{"footnotes":""},"categories":[29],"tags":[151,708,875,64,83,135],"class_list":["post-6793","post","type-post","status-publish","format-standard","hentry","category-rtfctf","tag-151","tag-marathon","tag-helfer","tag-rtf-ctf","tag-asc-dortmund","tag-sauerland-extreme","wp-image-borders","item-wrap"],"_links":{"self":[{"href":"https:\/\/radsportbezirk-westfalen-mitte.de\/wordpress\/wp-json\/wp\/v2\/posts\/6793","targetHints":{"allow":["GET"]}}],"collection":[{"href":"https:\/\/radsportbezirk-westfalen-mitte.de\/wordpress\/wp-json\/wp\/v2\/posts"}],"about":[{"href":"https:\/\/radsportbezirk-westfalen-mitte.de\/wordpress\/wp-json\/wp\/v2\/types\/post"}],"author":[{"embeddable":true,"href":"https:\/\/radsportbezirk-westfalen-mitte.de\/wordpress\/wp-json\/wp\/v2\/users\/1"}],"replies":[{"embeddable":true,"href":"https:\/\/radsportbezirk-westfalen-mitte.de\/wordpress\/wp-json\/wp\/v2\/comments?post=6793"}],"version-history":[{"count":2,"href":"https:\/\/radsportbezirk-westfalen-mitte.de\/wordpress\/wp-json\/wp\/v2\/posts\/6793\/revisions"}],"predecessor-version":[{"id":11806,"href":"https:\/\/radsportbezirk-westfalen-mitte.de\/wordpress\/wp-json\/wp\/v2\/posts\/6793\/revisions\/11806"}],"wp:attachment":[{"href":"https:\/\/radsportbezirk-westfalen-mitte.de\/wordpress\/wp-json\/wp\/v2\/media?parent=6793"}],"wp:term":[{"taxonomy":"category","embeddable":true,"href":"https:\/\/radsportbezirk-westfalen-mitte.de\/wordpress\/wp-json\/wp\/v2\/categories?post=6793"},{"taxonomy":"post_tag","embeddable":true,"href":"https:\/\/radsportbezirk-westfalen-mitte.de\/wordpress\/wp-json\/wp\/v2\/tags?post=6793"}],"curies":[{"name":"wp","href":"https:\/\/api.w.org\/{rel}","templated":true}]}}