{"id":6756,"date":"2015-03-27T10:57:07","date_gmt":"2015-03-27T09:57:07","guid":{"rendered":"http:\/\/radsportbezirk-westfalen-mitte.de\/wordpress\/?p=6756"},"modified":"2019-05-13T12:48:06","modified_gmt":"2019-05-13T10:48:06","slug":"tigersprung-aaron-grosser","status":"publish","type":"post","link":"https:\/\/radsportbezirk-westfalen-mitte.de\/wordpress\/6756\/","title":{"rendered":"Tigersprung Aaron Grosser"},"content":{"rendered":"<p><strong>Aaron Grosser wieder auf dem Podium<\/strong><\/p>\n<p>Auch in seinem zweiten Elite-Rennen konnte das erst 18 j\u00e4hrige Radsport-Talent des RSV Unna, Aaron Grosser, seine Sprintqualit\u00e4ten unter Beweis stellen.<\/p>\n<p><!--more--><\/p>\n<p>\u00dcber 170 C Klasse Fahrer gingen in Polch bei Neuwied auf einer welligen 9 km Runde an den Start. Kurz vor dem Ziel entwischte der K\u00f6lner Timo L\u00f6llgen und holte sich den Sieg. Jetzt konnte Aaron seine Sprintf\u00e4higkeiten ausspielen und holte sich mit 2 L\u00e4ngen Vorsprung mit einem &#8222;Tigersprung&#8220; den 2. Platz und seine zweiten Podiumsplatzierung innerhalb einer Woche.<\/p>\n<p>F\u00fcr den Aufstieg in die B Klasse ben\u00f6tigt man im Radsport einen Sieg oder 5 Top ten Platzierungen. Beim RSV Unna sind die bisherigen Spitzenfahrer immer taktisch so vorgegangen, dass sie 4 Podiums Platzierungen, Platz 2 oder 3, dann bei der 5. Platzierung mit einem Sieg den B Klassen-Aufstieg zu schaffen. . Diese Tradition m\u00f6chte Aaron weiter fortsetzen. Ein &#8222;Ritt auf der Rasierklinge&#8220;. Mit Platz 3 in Herford und nun Platz 2 in Polch ist er auf dem besten Weg die Tradition aufrecht zu erhalten. Am Sonntag geht er in D\u00fcren an den Start und hofft auch hier auf einen Podiumsplatz.<\/p>\n<p style=\"text-align: center;\" align=\"&quot;center\">\u00a0<img loading=\"lazy\" decoding=\"async\" class=\"aligncenter wp-image-6755\" style=\"border: 1px solid black;\" src=\"http:\/\/radsportbezirk-westfalen-mitte.de\/wordpress\/wp-content\/uploads\/2015\/03\/Tigersprung_Aaron_Grosser.jpg\" alt=\"\" width=\"500\" height=\"349\" border=\"1\" srcset=\"https:\/\/radsportbezirk-westfalen-mitte.de\/wordpress\/wp-content\/uploads\/2015\/03\/Tigersprung_Aaron_Grosser.jpg 392w, https:\/\/radsportbezirk-westfalen-mitte.de\/wordpress\/wp-content\/uploads\/2015\/03\/Tigersprung_Aaron_Grosser-300x210.jpg 300w\" sizes=\"auto, (max-width: 500px) 100vw, 500px\" \/><br \/>\n<em>Auf dem Bild: Platz 2 in Polch im Massenspurt des Feldes f\u00fcr Aaron Grosser (re).<\/em><\/p>\n<p>&nbsp;<\/p>\n<p>&nbsp;<\/p>\n<p>&nbsp;<\/p>\n<p>&nbsp;<\/p>\n<p>&nbsp;<\/p>\n<h2 style=\"text-align: center;\">\u00a0<em><strong>Text und Foto: RSV Unna<br \/>\n<\/strong><\/em><\/h2>\n<p>&nbsp;<\/p>\n<p>&nbsp;<\/p>\n<p>&nbsp;<\/p>\n<p>&nbsp;<\/p>\n<p>&nbsp;<\/p>\n","protected":false},"excerpt":{"rendered":"<p>Aaron Grosser wieder auf dem Podium<\/p>\n<p>Auch in seinem zweiten Elite-Rennen konnte das erst 18 j\u00e4hrige Radsport-Talent des RSV Unna, Aaron Grosser, seine Sprintqualit\u00e4ten unter Beweis stellen.<\/p><p><a class=\"more-link btn\" href=\"https:\/\/radsportbezirk-westfalen-mitte.de\/wordpress\/6756\/\">Weiterlesen<\/a><\/p>\n","protected":false},"author":1,"featured_media":0,"comment_status":"closed","ping_status":"closed","sticky":false,"template":"","format":"standard","meta":{"footnotes":""},"categories":[28],"tags":[71,151,218,255],"class_list":["post-6756","post","type-post","status-publish","format-standard","hentry","category-strassenrennsport","tag-rsv-unna","tag-151","tag-strasse","tag-aaron-grosser","wp-image-borders","item-wrap"],"_links":{"self":[{"href":"https:\/\/radsportbezirk-westfalen-mitte.de\/wordpress\/wp-json\/wp\/v2\/posts\/6756","targetHints":{"allow":["GET"]}}],"collection":[{"href":"https:\/\/radsportbezirk-westfalen-mitte.de\/wordpress\/wp-json\/wp\/v2\/posts"}],"about":[{"href":"https:\/\/radsportbezirk-westfalen-mitte.de\/wordpress\/wp-json\/wp\/v2\/types\/post"}],"author":[{"embeddable":true,"href":"https:\/\/radsportbezirk-westfalen-mitte.de\/wordpress\/wp-json\/wp\/v2\/users\/1"}],"replies":[{"embeddable":true,"href":"https:\/\/radsportbezirk-westfalen-mitte.de\/wordpress\/wp-json\/wp\/v2\/comments?post=6756"}],"version-history":[{"count":2,"href":"https:\/\/radsportbezirk-westfalen-mitte.de\/wordpress\/wp-json\/wp\/v2\/posts\/6756\/revisions"}],"predecessor-version":[{"id":12338,"href":"https:\/\/radsportbezirk-westfalen-mitte.de\/wordpress\/wp-json\/wp\/v2\/posts\/6756\/revisions\/12338"}],"wp:attachment":[{"href":"https:\/\/radsportbezirk-westfalen-mitte.de\/wordpress\/wp-json\/wp\/v2\/media?parent=6756"}],"wp:term":[{"taxonomy":"category","embeddable":true,"href":"https:\/\/radsportbezirk-westfalen-mitte.de\/wordpress\/wp-json\/wp\/v2\/categories?post=6756"},{"taxonomy":"post_tag","embeddable":true,"href":"https:\/\/radsportbezirk-westfalen-mitte.de\/wordpress\/wp-json\/wp\/v2\/tags?post=6756"}],"curies":[{"name":"wp","href":"https:\/\/api.w.org\/{rel}","templated":true}]}}