{"id":6743,"date":"2015-02-20T08:54:18","date_gmt":"2015-02-20T07:54:18","guid":{"rendered":"http:\/\/radsportbezirk-westfalen-mitte.de\/wordpress\/?p=6743"},"modified":"2019-04-25T09:03:14","modified_gmt":"2019-04-25T07:03:14","slug":"liss-ueberrascht-im-scratch-und-holt-zweites-deutsches-gold","status":"publish","type":"post","link":"https:\/\/radsportbezirk-westfalen-mitte.de\/wordpress\/6743\/","title":{"rendered":"Li\u00df \u00fcberrascht im Scratch und holt zweites deutsches Gold"},"content":{"rendered":"<p>Lucas Li\u00df hat Deutschland in Saint-Quentin-en-Yvelines die zweite Gold-Medaille beschert.<\/p>\n<p><!--more--><\/p>\n<p>Der 23-J\u00e4hrige aus Unna gewann dank eines beherzten Antritts zu Beginn der letzten von 60 Runden das Scratch-Rennen vor dem Spanier Alberto Torres und Bobby Lea aus den USA.<\/p>\n<p>Li\u00df schloss rund zehn Runden vor Schluss die L\u00fccke zu einer vierk\u00f6pfigen Spitzengruppe und schien drei Runden vor Schluss kurzzeitig etwas Probleme zu bekommen.<br \/>\nDoch auf der vorletzten Runde positionierte sich der amtierende U23-Europameister im Omnium gut, und nachdem die Spitzenreiter einige abgeh\u00e4ngte Fahrer \u00fcberrundet hatten, trat er an und setzte sich am Anfang der Schlussrunde um einige Meter von der Konkurrenz ab. Li\u00df zog im Sitzen voll durch und konnte seinen Vorsprung halten, um nach 15 Kilometern letztlich souver\u00e4n zu gewinnen.<\/p>\n<p>Mit Stephanie Pohl im Punktefahren und nun Li\u00df im Scratch hat der Bund Deutscher Radfahrer zwei der drei bislang ausgetragenen Wettbewerbe in nicht-olympischen Disziplinen f\u00fcr sich entschieden.<\/p>\n<p>&nbsp;<\/p>\n<p style=\"text-align: center;\"><img loading=\"lazy\" decoding=\"async\" class=\"aligncenter wp-image-6742\" style=\"border: 1px solid black;\" src=\"http:\/\/radsportbezirk-westfalen-mitte.de\/wordpress\/wp-content\/uploads\/2015\/02\/Liss-WM2015.jpg\" alt=\"\" width=\"500\" height=\"500\" border=\"1\" srcset=\"https:\/\/radsportbezirk-westfalen-mitte.de\/wordpress\/wp-content\/uploads\/2015\/02\/Liss-WM2015.jpg 400w, https:\/\/radsportbezirk-westfalen-mitte.de\/wordpress\/wp-content\/uploads\/2015\/02\/Liss-WM2015-150x150.jpg 150w, https:\/\/radsportbezirk-westfalen-mitte.de\/wordpress\/wp-content\/uploads\/2015\/02\/Liss-WM2015-300x300.jpg 300w\" sizes=\"auto, (max-width: 500px) 100vw, 500px\" \/><\/p>\n<p>&nbsp;<\/p>\n<p>&nbsp;<\/p>\n<p>&nbsp;<\/p>\n<p>&nbsp;<\/p>\n<p>&nbsp;<\/p>\n<h2 style=\"text-align: center;\"><b><em>Text: Felix Mattis<br \/>\nFoto: Cor Vos<\/em><\/b><\/h2>\n<p>&nbsp;<\/p>\n<p>&nbsp;<\/p>\n<p>&nbsp;<\/p>\n<p>&nbsp;<\/p>\n<p>&nbsp;<\/p>\n","protected":false},"excerpt":{"rendered":"<p>Lucas Li\u00df hat Deutschland in Saint-Quentin-en-Yvelines die zweite Gold-Medaille beschert.<\/p><p><a class=\"more-link btn\" href=\"https:\/\/radsportbezirk-westfalen-mitte.de\/wordpress\/6743\/\">Weiterlesen<\/a><\/p>\n","protected":false},"author":1,"featured_media":0,"comment_status":"closed","ping_status":"closed","sticky":false,"template":"","format":"standard","meta":{"footnotes":""},"categories":[27],"tags":[71,151,221,266,335],"class_list":["post-6743","post","type-post","status-publish","format-standard","hentry","category-bahnrennsport","tag-rsv-unna","tag-151","tag-wm","tag-bahn","tag-lucas-liss","wp-image-borders","item-wrap"],"_links":{"self":[{"href":"https:\/\/radsportbezirk-westfalen-mitte.de\/wordpress\/wp-json\/wp\/v2\/posts\/6743","targetHints":{"allow":["GET"]}}],"collection":[{"href":"https:\/\/radsportbezirk-westfalen-mitte.de\/wordpress\/wp-json\/wp\/v2\/posts"}],"about":[{"href":"https:\/\/radsportbezirk-westfalen-mitte.de\/wordpress\/wp-json\/wp\/v2\/types\/post"}],"author":[{"embeddable":true,"href":"https:\/\/radsportbezirk-westfalen-mitte.de\/wordpress\/wp-json\/wp\/v2\/users\/1"}],"replies":[{"embeddable":true,"href":"https:\/\/radsportbezirk-westfalen-mitte.de\/wordpress\/wp-json\/wp\/v2\/comments?post=6743"}],"version-history":[{"count":3,"href":"https:\/\/radsportbezirk-westfalen-mitte.de\/wordpress\/wp-json\/wp\/v2\/posts\/6743\/revisions"}],"predecessor-version":[{"id":11255,"href":"https:\/\/radsportbezirk-westfalen-mitte.de\/wordpress\/wp-json\/wp\/v2\/posts\/6743\/revisions\/11255"}],"wp:attachment":[{"href":"https:\/\/radsportbezirk-westfalen-mitte.de\/wordpress\/wp-json\/wp\/v2\/media?parent=6743"}],"wp:term":[{"taxonomy":"category","embeddable":true,"href":"https:\/\/radsportbezirk-westfalen-mitte.de\/wordpress\/wp-json\/wp\/v2\/categories?post=6743"},{"taxonomy":"post_tag","embeddable":true,"href":"https:\/\/radsportbezirk-westfalen-mitte.de\/wordpress\/wp-json\/wp\/v2\/tags?post=6743"}],"curies":[{"name":"wp","href":"https:\/\/api.w.org\/{rel}","templated":true}]}}