{"id":6734,"date":"2015-02-02T08:54:19","date_gmt":"2015-02-02T07:54:19","guid":{"rendered":"http:\/\/radsportbezirk-westfalen-mitte.de\/wordpress\/?p=6734"},"modified":"2019-03-29T11:42:40","modified_gmt":"2019-03-29T10:42:40","slug":"lucas-liss-und-charlotte-becker-bei-der-bahn-weltmeistershaft-am-start","status":"publish","type":"post","link":"https:\/\/radsportbezirk-westfalen-mitte.de\/wordpress\/6734\/","title":{"rendered":"Lucas Li\u00df und Charlotte Becker bei der Bahn Weltmeisterschaft am Start"},"content":{"rendered":"<p>Eigentlich sollte das Berliner 6-Tage-Rennen Lucas Li\u00df vom RSV Unna den &#8222;letzten Schliff&#8220; f\u00fcr die Bahn-Weltmeisterschaft bringen. Nach einer starken Leistung, noch am Sonntag gewann er mit seinem belgischen Partner Otto Vergaerde die &#8222;Gro\u00dfe KIA Jagd&#8220; und das Punkteklassement.<\/p>\n<p><!--more--><\/p>\n<p>Am Montag erhielt er die Nachricht vom Tod seines Vaters. Sein Vater Lucjan war am Montagabend im Alter von nur 64 Jahren nach schwerer Krankheit, aber dennoch unerwartet verstorben. Lucas trat sofort die Heimreise an. Die letzte Nacht beim 6-Tage-Rennen bestritt sein Partner in den Einzeldisziplinen allein.<\/p>\n<p>Dadurch muss Lucas seine Vorbereitungen f\u00fcr die WM weit zur\u00fcckstellen. Die unmittelbare Vorbereitung auf die Bahn-WM beginnt am 3. Februar. &#8222;Wir w\u00fcrden Lucas nat\u00fcrlich aber mehr Zeit geben, wenn er die braucht, den Verlust seines Vaters zu verarbeiten&#8220;, so der Bahn-Bundestrainer Sven Meyer.<br \/>\nLucas Li\u00df gilt als einer der hei\u00dfen Titelanw\u00e4rter im Omnium.<\/p>\n<p>Die Bahn WM wird vom 22. bis 25. Februar in Sait Quentin (bei Paris) ausgetragen. Lucas wird dort am 1. Tag schon das WM-Scratsch-Rennen als Vorbelastung f\u00fcr das Omnium bestreiten. Das Omnium wird in 6 Disziplinen an 2 Tagen, Freitag und Samstag, entschieden.<\/p>\n<p>Mit Charlotte Becker ist ein weiteres RSV Mitglied f\u00fcr diese Weltmeisterschaft nominiert. &#8222;Lotte f\u00e4hrt im Team-Zeitfahren nicht nur um eine WM Top-Platzierung. Das Team will mit dieser vorderen Platzierung die Olympia-Qualifikation f\u00fcr RIO 2016 sicherstellen.&#8220;<\/p>\n<p>&nbsp;<\/p>\n<p align=\"center\"><img loading=\"lazy\" decoding=\"async\" class=\"aligncenter wp-image-6733\" style=\"border: 1px solid black;\" src=\"http:\/\/radsportbezirk-westfalen-mitte.de\/wordpress\/wp-content\/uploads\/2015\/02\/Liss_Becker.jpg\" alt=\"\" width=\"500\" height=\"364\" border=\"1\" srcset=\"https:\/\/radsportbezirk-westfalen-mitte.de\/wordpress\/wp-content\/uploads\/2015\/02\/Liss_Becker.jpg 700w, https:\/\/radsportbezirk-westfalen-mitte.de\/wordpress\/wp-content\/uploads\/2015\/02\/Liss_Becker-300x219.jpg 300w\" sizes=\"auto, (max-width: 500px) 100vw, 500px\" \/><br \/>\n<em>Charlotte Becker, Lucas Li\u00df<\/em><\/p>\n<p>&nbsp;<\/p>\n<p>&nbsp;<\/p>\n<p>&nbsp;<\/p>\n<p>&nbsp;<\/p>\n<p>&nbsp;<\/p>\n<h2 align=\"center\"><i>Text und Foto: RSV Unna<\/i><\/h2>\n<p>&nbsp;<\/p>\n<p>&nbsp;<\/p>\n<p>&nbsp;<\/p>\n<p>&nbsp;<\/p>\n<p>&nbsp;<\/p>\n","protected":false},"excerpt":{"rendered":"<p>Eigentlich sollte das Berliner 6-Tage-Rennen Lucas Li\u00df vom RSV Unna den &#8222;letzten Schliff&#8220; f\u00fcr die Bahn-Weltmeisterschaft bringen. Nach einer starken Leistung, noch am Sonntag gewann er mit seinem belgischen Partner Otto Vergaerde die &#8222;Gro\u00dfe KIA Jagd&#8220; und das Punkteklassement.<\/p><p><a class=\"more-link btn\" href=\"https:\/\/radsportbezirk-westfalen-mitte.de\/wordpress\/6734\/\">Weiterlesen<\/a><\/p>\n","protected":false},"author":1,"featured_media":0,"comment_status":"closed","ping_status":"closed","sticky":false,"template":"","format":"standard","meta":{"footnotes":""},"categories":[27],"tags":[71,151,221,259,266,335],"class_list":["post-6734","post","type-post","status-publish","format-standard","hentry","category-bahnrennsport","tag-rsv-unna","tag-151","tag-wm","tag-charlotte-becker","tag-bahn","tag-lucas-liss","wp-image-borders","item-wrap"],"_links":{"self":[{"href":"https:\/\/radsportbezirk-westfalen-mitte.de\/wordpress\/wp-json\/wp\/v2\/posts\/6734","targetHints":{"allow":["GET"]}}],"collection":[{"href":"https:\/\/radsportbezirk-westfalen-mitte.de\/wordpress\/wp-json\/wp\/v2\/posts"}],"about":[{"href":"https:\/\/radsportbezirk-westfalen-mitte.de\/wordpress\/wp-json\/wp\/v2\/types\/post"}],"author":[{"embeddable":true,"href":"https:\/\/radsportbezirk-westfalen-mitte.de\/wordpress\/wp-json\/wp\/v2\/users\/1"}],"replies":[{"embeddable":true,"href":"https:\/\/radsportbezirk-westfalen-mitte.de\/wordpress\/wp-json\/wp\/v2\/comments?post=6734"}],"version-history":[{"count":3,"href":"https:\/\/radsportbezirk-westfalen-mitte.de\/wordpress\/wp-json\/wp\/v2\/posts\/6734\/revisions"}],"predecessor-version":[{"id":10016,"href":"https:\/\/radsportbezirk-westfalen-mitte.de\/wordpress\/wp-json\/wp\/v2\/posts\/6734\/revisions\/10016"}],"wp:attachment":[{"href":"https:\/\/radsportbezirk-westfalen-mitte.de\/wordpress\/wp-json\/wp\/v2\/media?parent=6734"}],"wp:term":[{"taxonomy":"category","embeddable":true,"href":"https:\/\/radsportbezirk-westfalen-mitte.de\/wordpress\/wp-json\/wp\/v2\/categories?post=6734"},{"taxonomy":"post_tag","embeddable":true,"href":"https:\/\/radsportbezirk-westfalen-mitte.de\/wordpress\/wp-json\/wp\/v2\/tags?post=6734"}],"curies":[{"name":"wp","href":"https:\/\/api.w.org\/{rel}","templated":true}]}}