{"id":6672,"date":"2014-10-30T08:54:05","date_gmt":"2014-10-30T07:54:05","guid":{"rendered":"http:\/\/radsportbezirk-westfalen-mitte.de\/wordpress\/?p=6672"},"modified":"2019-04-21T10:52:36","modified_gmt":"2019-04-21T08:52:36","slug":"sven-harter-am-start-der-europameisterschaft-im-cross","status":"publish","type":"post","link":"https:\/\/radsportbezirk-westfalen-mitte.de\/wordpress\/6672\/","title":{"rendered":"Sven Harter am Start der Europameisterschaft im Cross."},"content":{"rendered":"<p>Nach seinen Erfolgen beim Weser Ems Cup, ein Cross Serie in Niedersachsen, wird Sven Harter am 9. November in Lorsch\/S\u00fcdhessen bei den Europameisterschaften an den Start gehen.<\/p>\n<p><!--more--><\/p>\n<p>Sven Harter, der am Sonntag in Bruchhausen Vilsen mit Platz 2 \u00fcberzeugen konnte, hat seine Europameisterschafts Quali als NRW Cross Meister 2014 erf\u00fcllt. Ein Platz unter den Top 20 w\u00e4re f\u00fcr den RSV Unna Fahrer ein gro\u00dfer Erfolg, da er als &#8222;Echter Amateur&#8220; gegen Profi-Masterfahrer aus ganz Europa antreten muss. Sein Sohn Luca wurde am Sonntag ebenfalls mit Platz 2 auf dem Podium geehrt. Er startet erstmals in der U 15 Klasse und hat in diesem Jahr ein gro\u00dfes Ziel: Eine Medaille bei den NRW Meisterschaften.<\/p>\n<p>Dieses Cross Rennen in der &#8222;Weltkulturerbe Stadt Lorsch&#8220; gilt seit Jahren als eines der gr\u00f6\u00dften deutschen Top Rennen und wurde in dieser Saison mit der Ausrichtung der Europameisterschaft beauftragt. Hans Kuhn und Reinhold B\u00f6hm moderieren seit Jahren mit Eurosport Experte Karsten Migels diese gro\u00dfe internationale Veranstaltung. Hans Kuhn ist auch am 9. November als Moderator dabei.<\/p>\n<p>Nach 20 Jahren als Rennsprecher bei den Rennen in Lorsch\/Einhausen hat Reinhold B\u00f6hm im letzten Jahr letztmalig moderiert.<\/p>\n<p>&nbsp;<\/p>\n<p style=\"text-align: center;\"><img loading=\"lazy\" decoding=\"async\" class=\"aligncenter wp-image-6671\" style=\"vertical-align: middle; border: 1px solid black;\" src=\"http:\/\/radsportbezirk-westfalen-mitte.de\/wordpress\/wp-content\/uploads\/2014\/10\/IMG_0308-SvenHarter.jpg\" alt=\"Sven Harter\" width=\"500\" height=\"358\" align=\"middle\" border=\"1\" srcset=\"https:\/\/radsportbezirk-westfalen-mitte.de\/wordpress\/wp-content\/uploads\/2014\/10\/IMG_0308-SvenHarter.jpg 360w, https:\/\/radsportbezirk-westfalen-mitte.de\/wordpress\/wp-content\/uploads\/2014\/10\/IMG_0308-SvenHarter-300x215.jpg 300w\" sizes=\"auto, (max-width: 500px) 100vw, 500px\" \/><br \/>\n<em>Sven Harter<\/em><\/p>\n<p>&nbsp;<\/p>\n<p>&nbsp;<\/p>\n<p>&nbsp;<\/p>\n<p>&nbsp;<\/p>\n<p>&nbsp;<\/p>\n<h2 align=\"center\"><strong><em>Text &amp; Foto: RSV Unna<\/em><\/strong><\/h2>\n<p>&nbsp;<\/p>\n<p>&nbsp;<\/p>\n<p>&nbsp;<\/p>\n<p>&nbsp;<\/p>\n<p>&nbsp;<\/p>\n","protected":false},"excerpt":{"rendered":"<p>Nach seinen Erfolgen beim Weser Ems Cup, ein Cross Serie in Niedersachsen, wird Sven Harter am 9. November in Lorsch\/S\u00fcdhessen bei den Europameisterschaften an den Start gehen.<\/p><p><a class=\"more-link btn\" href=\"https:\/\/radsportbezirk-westfalen-mitte.de\/wordpress\/6672\/\">Weiterlesen<\/a><\/p>\n","protected":false},"author":1,"featured_media":0,"comment_status":"closed","ping_status":"closed","sticky":false,"template":"","format":"standard","meta":{"footnotes":""},"categories":[48],"tags":[57,197,203,247,260,670],"class_list":["post-6672","post","type-post","status-publish","format-standard","hentry","category-cross-querfeldeinrennen","tag-57","tag-cross","tag-luca-harter","tag-sven-harter","tag-em","tag-lorsch","wp-image-borders","item-wrap"],"_links":{"self":[{"href":"https:\/\/radsportbezirk-westfalen-mitte.de\/wordpress\/wp-json\/wp\/v2\/posts\/6672","targetHints":{"allow":["GET"]}}],"collection":[{"href":"https:\/\/radsportbezirk-westfalen-mitte.de\/wordpress\/wp-json\/wp\/v2\/posts"}],"about":[{"href":"https:\/\/radsportbezirk-westfalen-mitte.de\/wordpress\/wp-json\/wp\/v2\/types\/post"}],"author":[{"embeddable":true,"href":"https:\/\/radsportbezirk-westfalen-mitte.de\/wordpress\/wp-json\/wp\/v2\/users\/1"}],"replies":[{"embeddable":true,"href":"https:\/\/radsportbezirk-westfalen-mitte.de\/wordpress\/wp-json\/wp\/v2\/comments?post=6672"}],"version-history":[{"count":3,"href":"https:\/\/radsportbezirk-westfalen-mitte.de\/wordpress\/wp-json\/wp\/v2\/posts\/6672\/revisions"}],"predecessor-version":[{"id":10937,"href":"https:\/\/radsportbezirk-westfalen-mitte.de\/wordpress\/wp-json\/wp\/v2\/posts\/6672\/revisions\/10937"}],"wp:attachment":[{"href":"https:\/\/radsportbezirk-westfalen-mitte.de\/wordpress\/wp-json\/wp\/v2\/media?parent=6672"}],"wp:term":[{"taxonomy":"category","embeddable":true,"href":"https:\/\/radsportbezirk-westfalen-mitte.de\/wordpress\/wp-json\/wp\/v2\/categories?post=6672"},{"taxonomy":"post_tag","embeddable":true,"href":"https:\/\/radsportbezirk-westfalen-mitte.de\/wordpress\/wp-json\/wp\/v2\/tags?post=6672"}],"curies":[{"name":"wp","href":"https:\/\/api.w.org\/{rel}","templated":true}]}}