{"id":6636,"date":"2014-08-27T08:54:44","date_gmt":"2014-08-27T06:54:44","guid":{"rendered":"http:\/\/radsportbezirk-westfalen-mitte.de\/wordpress\/?p=6636"},"modified":"2019-04-26T11:44:55","modified_gmt":"2019-04-26T09:44:55","slug":"lukas-loeer-siegt-im-koelner-radstadion","status":"publish","type":"post","link":"https:\/\/radsportbezirk-westfalen-mitte.de\/wordpress\/6636\/","title":{"rendered":"RSV Unna: Lukas L\u00f6er siegt im K\u00f6lner Radstadion."},"content":{"rendered":"<p>Eigentlich hatte sich der 19 j\u00e4hrige Elite B Fahrer Lukas L\u00f6er in diesem Jahr auf Stra\u00dfenrenn spezialisiert.<\/p>\n<p><!--more--><\/p>\n<p>Da er aber in der kommenden Woche vom NRW Landestrainer f\u00fcr die &#8222;Deutschen Bahnmeisterschaften&#8220;, die vom 3. Bis 7. September in Cottbus ausgetragen werden, nominiert wurde, startete er in der letzten Woche bei den &#8222;K\u00f6lner Sommer Bahnmeisterschaften&#8220; im K\u00f6lner Radstadion.Hier zeigte der mehrfache Medaillengewinner bei den &#8222;Deutschen Bahnmeisterschaften, dass er nichts verlernt hat.<br \/>\nEr holte sich den Sieg im Mehrkampf. Hier belegte er im Temporennen Platz zwei und Platz eins im Ausscheidungsfahren. Im Abschlie\u00dfenden 2 er Mannschaftsfahren, dem Madison, kam er mit seinem Partner, Profi Michael Schweizer, auf den 2. Platz. Am Sonntag fuhr er trotz der Bahnbelastung beim schweren Rundstreckenrennen in Bochum ein ganz starkes Rennen. Die beiden Profis Alexander Grad, Team Heizomat, und Frederik Dombrowski, Team St\u00f6lting, machten den Sieg unter sich aus. Mit Platz 7 war Lukas der mit Abstand &#8222;J\u00fcngste&#8220; unter den Top 15.<br \/>\nBei den &#8222;Deutschen Meisterschaften&#8220; wird er zusammen mit seinem Vereinskollegen Lucas Li\u00df, dem Bocholter Nationalfahrer Jonas Tenbrock und dem K\u00f6lner Stefan Schneider im NRW Vierer eingesetzt.<br \/>\nPlatz 5 ist das Ziel. Bisher konnte die Mannschaft noch nicht zusammen trainieren, da u.a. Lucas Li\u00df gerade aus der &#8222;Baltic Chain Tour&#8220; zur\u00fcck ist. Hier in Litauen, Lettland und Estland ging diese Rundfahrt von Tallinn bis Vilnius \u00fcber 1000 km. F\u00fcr Lucas Li\u00df war diese Rundfahrt noch einmal ein hartes Vorbereitungs-Training f\u00fcr die kommenden Meisterschaften und Welt-Cup-Rennen.<\/p>\n<p>&nbsp;<\/p>\n<p style=\"text-align: center;\"><img loading=\"lazy\" decoding=\"async\" class=\"aligncenter wp-image-6635\" style=\"border: 1px solid black;\" src=\"http:\/\/radsportbezirk-westfalen-mitte.de\/wordpress\/wp-content\/uploads\/2014\/08\/IMG_0002.jpg\" alt=\"\" width=\"500\" height=\"473\" border=\"1\" srcset=\"https:\/\/radsportbezirk-westfalen-mitte.de\/wordpress\/wp-content\/uploads\/2014\/08\/IMG_0002.jpg 750w, https:\/\/radsportbezirk-westfalen-mitte.de\/wordpress\/wp-content\/uploads\/2014\/08\/IMG_0002-300x284.jpg 300w\" sizes=\"auto, (max-width: 500px) 100vw, 500px\" \/><br \/>\n<em>Auf dem Bild: Lukas L\u00f6er<\/em><\/p>\n<p>&nbsp;<\/p>\n<p>&nbsp;<\/p>\n<p>&nbsp;<\/p>\n<p>&nbsp;<\/p>\n<p>&nbsp;<\/p>\n<h2 align=\"center\"><em><strong>Text und Foto: RSV Unna<\/strong><\/em><\/h2>\n<p>&nbsp;<\/p>\n<p>&nbsp;<\/p>\n<p>&nbsp;<\/p>\n<p>&nbsp;<\/p>\n<p>&nbsp;<\/p>\n","protected":false},"excerpt":{"rendered":"<p>Eigentlich hatte sich der 19 j\u00e4hrige Elite B Fahrer Lukas L\u00f6er in diesem Jahr auf Stra\u00dfenrenn spezialisiert.<\/p><p><a class=\"more-link btn\" href=\"https:\/\/radsportbezirk-westfalen-mitte.de\/wordpress\/6636\/\">Weiterlesen<\/a><\/p>\n","protected":false},"author":1,"featured_media":0,"comment_status":"closed","ping_status":"closed","sticky":false,"template":"","format":"standard","meta":{"footnotes":""},"categories":[27],"tags":[266,355,57,71],"class_list":["post-6636","post","type-post","status-publish","format-standard","hentry","category-bahnrennsport","tag-bahn","tag-lukas-loeer","tag-57","tag-rsv-unna","wp-image-borders","item-wrap"],"_links":{"self":[{"href":"https:\/\/radsportbezirk-westfalen-mitte.de\/wordpress\/wp-json\/wp\/v2\/posts\/6636","targetHints":{"allow":["GET"]}}],"collection":[{"href":"https:\/\/radsportbezirk-westfalen-mitte.de\/wordpress\/wp-json\/wp\/v2\/posts"}],"about":[{"href":"https:\/\/radsportbezirk-westfalen-mitte.de\/wordpress\/wp-json\/wp\/v2\/types\/post"}],"author":[{"embeddable":true,"href":"https:\/\/radsportbezirk-westfalen-mitte.de\/wordpress\/wp-json\/wp\/v2\/users\/1"}],"replies":[{"embeddable":true,"href":"https:\/\/radsportbezirk-westfalen-mitte.de\/wordpress\/wp-json\/wp\/v2\/comments?post=6636"}],"version-history":[{"count":3,"href":"https:\/\/radsportbezirk-westfalen-mitte.de\/wordpress\/wp-json\/wp\/v2\/posts\/6636\/revisions"}],"predecessor-version":[{"id":11422,"href":"https:\/\/radsportbezirk-westfalen-mitte.de\/wordpress\/wp-json\/wp\/v2\/posts\/6636\/revisions\/11422"}],"wp:attachment":[{"href":"https:\/\/radsportbezirk-westfalen-mitte.de\/wordpress\/wp-json\/wp\/v2\/media?parent=6636"}],"wp:term":[{"taxonomy":"category","embeddable":true,"href":"https:\/\/radsportbezirk-westfalen-mitte.de\/wordpress\/wp-json\/wp\/v2\/categories?post=6636"},{"taxonomy":"post_tag","embeddable":true,"href":"https:\/\/radsportbezirk-westfalen-mitte.de\/wordpress\/wp-json\/wp\/v2\/tags?post=6636"}],"curies":[{"name":"wp","href":"https:\/\/api.w.org\/{rel}","templated":true}]}}