{"id":6623,"date":"2014-08-07T08:54:44","date_gmt":"2014-08-07T06:54:44","guid":{"rendered":"http:\/\/radsportbezirk-westfalen-mitte.de\/wordpress\/?p=6623"},"modified":"2019-04-28T11:15:35","modified_gmt":"2019-04-28T09:15:35","slug":"rad-mix-biathlon-weltpremiere-beim-bergkamener-radsport-festival-2014","status":"publish","type":"post","link":"https:\/\/radsportbezirk-westfalen-mitte.de\/wordpress\/6623\/","title":{"rendered":"Rad-Mix Biathlon: Weltpremiere beim &#8222;Bergkamener Radsport-Festival 2014&#8220;"},"content":{"rendered":"<p>Der RSV Unna \u00fcberrascht immer wieder mit neue Ideen und Disziplinen bei seinen Veranstaltungen.<\/p>\n<p><!--more--><\/p>\n<p>Am kommenden Sonntag wird, nach dem Derny-Mix-Rennen im letzten Jahr, in Bergkamen ein Rad Biathlon durchgef\u00fchrt. Top- Radsportlerinnen mit Ehreng\u00e4sten und Sponsoren bilden ein Team . ( siehe Reglement).<\/p>\n<p>Mieke Kr\u00f6ger aus Bielefeld, 7 fache &#8222;Deutsche Meisterin&#8220; Weltmeisterin 2011 und zweifache Europameisterin in diesem Jahr, steht an der Spitze der &#8222;Frauenfraktion&#8220;. Diese wird durch weitere &#8222;Deutsche Meisterinnen&#8220; und Landesmeisterinnen verst\u00e4rkt. Mieke Kr\u00f6ger wurde vor einer Woche bei der Pressekonferenz dem Sponsor Sparkasse Bergkamen-B\u00f6nen zugelost. Hier wird Michael Krause, Marketing-Leiter, den Schie\u00df-Part \u00fcbernehmen. Mit Landrat Michael Makiolla, dem Bundestagsabgeordneten Oliver Kaczmarek und Radsport-Pr\u00e4sident Toni Kirsch, insgesamt 10 Ehreng\u00e4ste, sind prominente &#8222;Sch\u00fctzen&#8220; am Start.<\/p>\n<p>Diese interessante Neuheit wird um 16.00 Uhr mit der Vorstellung der Teams beginnen. Schon ab 11.00 Uhr finden die Nachwuchsrennen statt, bevor mit dem internationalen Hauptrennen um 17.00 Uhr<br \/>\nDer Rennsport-Tag abgeschlossen wird.<\/p>\n<p><img loading=\"lazy\" decoding=\"async\" class=\"aligncenter wp-image-6622\" style=\"display: block; border: 1px solid black; margin-left: auto; margin-right: auto;\" src=\"http:\/\/radsportbezirk-westfalen-mitte.de\/wordpress\/wp-content\/uploads\/2014\/08\/MiekeKroeger-DM.jpg\" alt=\"\" width=\"500\" height=\"316\" border=\"1\" srcset=\"https:\/\/radsportbezirk-westfalen-mitte.de\/wordpress\/wp-content\/uploads\/2014\/08\/MiekeKroeger-DM.jpg 700w, https:\/\/radsportbezirk-westfalen-mitte.de\/wordpress\/wp-content\/uploads\/2014\/08\/MiekeKroeger-DM-300x189.jpg 300w\" sizes=\"auto, (max-width: 500px) 100vw, 500px\" \/><\/p>\n<p align=\"center\"><em>Sofort nach dem Gewinn des 7. Deutschen Meister-Titels verpflichtete<br \/>\nReinhold B\u00f6hm Mieke Kr\u00f6ger f\u00fcr das Bergkamener Radsport-Festival.<\/em><\/p>\n<p>&nbsp;<\/p>\n<p>&nbsp;<\/p>\n<p>&nbsp;<\/p>\n<p>&nbsp;<\/p>\n<p>&nbsp;<\/p>\n<h2 align=\"center\"><em><strong>Text &amp; Foto: Reinhold B\u00f6hm, RSV Unna<\/strong><\/em><\/h2>\n<p>&nbsp;<\/p>\n<p>&nbsp;<\/p>\n<p>&nbsp;<\/p>\n<p>&nbsp;<\/p>\n<p>&nbsp;<\/p>\n","protected":false},"excerpt":{"rendered":"<p>Der RSV Unna \u00fcberrascht immer wieder mit neue Ideen und Disziplinen bei seinen Veranstaltungen.<\/p><p><a class=\"more-link btn\" href=\"https:\/\/radsportbezirk-westfalen-mitte.de\/wordpress\/6623\/\">Weiterlesen<\/a><\/p>\n","protected":false},"author":1,"featured_media":0,"comment_status":"closed","ping_status":"closed","sticky":false,"template":"","format":"standard","meta":{"footnotes":""},"categories":[33],"tags":[57,71,218,823],"class_list":["post-6623","post","type-post","status-publish","format-standard","hentry","category-rennsport","tag-57","tag-rsv-unna","tag-strasse","tag-bergkamener-radsport-festival","wp-image-borders","item-wrap"],"_links":{"self":[{"href":"https:\/\/radsportbezirk-westfalen-mitte.de\/wordpress\/wp-json\/wp\/v2\/posts\/6623","targetHints":{"allow":["GET"]}}],"collection":[{"href":"https:\/\/radsportbezirk-westfalen-mitte.de\/wordpress\/wp-json\/wp\/v2\/posts"}],"about":[{"href":"https:\/\/radsportbezirk-westfalen-mitte.de\/wordpress\/wp-json\/wp\/v2\/types\/post"}],"author":[{"embeddable":true,"href":"https:\/\/radsportbezirk-westfalen-mitte.de\/wordpress\/wp-json\/wp\/v2\/users\/1"}],"replies":[{"embeddable":true,"href":"https:\/\/radsportbezirk-westfalen-mitte.de\/wordpress\/wp-json\/wp\/v2\/comments?post=6623"}],"version-history":[{"count":4,"href":"https:\/\/radsportbezirk-westfalen-mitte.de\/wordpress\/wp-json\/wp\/v2\/posts\/6623\/revisions"}],"predecessor-version":[{"id":11569,"href":"https:\/\/radsportbezirk-westfalen-mitte.de\/wordpress\/wp-json\/wp\/v2\/posts\/6623\/revisions\/11569"}],"wp:attachment":[{"href":"https:\/\/radsportbezirk-westfalen-mitte.de\/wordpress\/wp-json\/wp\/v2\/media?parent=6623"}],"wp:term":[{"taxonomy":"category","embeddable":true,"href":"https:\/\/radsportbezirk-westfalen-mitte.de\/wordpress\/wp-json\/wp\/v2\/categories?post=6623"},{"taxonomy":"post_tag","embeddable":true,"href":"https:\/\/radsportbezirk-westfalen-mitte.de\/wordpress\/wp-json\/wp\/v2\/tags?post=6623"}],"curies":[{"name":"wp","href":"https:\/\/api.w.org\/{rel}","templated":true}]}}