{"id":6620,"date":"2014-08-06T08:55:49","date_gmt":"2014-08-06T06:55:49","guid":{"rendered":"http:\/\/radsportbezirk-westfalen-mitte.de\/wordpress\/?p=6620"},"modified":"2019-05-14T12:22:19","modified_gmt":"2019-05-14T10:22:19","slug":"team-stoelting-gehoert-zu-den-top-favoriten-des-bergkamener-radsport-festivals-am-sonntag-dem-10-august","status":"publish","type":"post","link":"https:\/\/radsportbezirk-westfalen-mitte.de\/wordpress\/6620\/","title":{"rendered":"Team St\u00f6lting geh\u00f6rt zu den Top Favoriten des &#8222;Bergkamener Radsport-Festivals&#8220; am Sonntag, dem 10. August"},"content":{"rendered":"<p>Mit einer starken Mannschaft wird der Bergkamener Lokalmatador Lucas Li\u00df am kommenden Sonntag um 17.00 Uhr beim &#8222;Radsportfestival&#8220; an den Start gehen.<\/p>\n<p><!--more--><\/p>\n<p>Mit Jan Dieteren, Nationalfahrer, WM Teilnehmer und &#8222;Deutscher Vizemeister&#8220;, Jan Oelerich, dem starken Stra\u00dfenfahrer und Alexander Gottfried, der schon als Profi in der Pro Tour startete und u.a. Etappensieger der &#8222;Tour de l&#8217;Avenir &#8220; war, hat er starke Mannschaftskollegen die nicht nur um den Einzel- Sieg sondern auch um die Mannschaftswertung ein gewichtiges Wort mitsprechen wollen..<\/p>\n<p>Lucas hat erst vor zwei Wochen den Titel des Omnium-Europameisters auf der Bahn gewonnen. Beim diesem Sieg hat er die gesamte Weltelite mit dem amtierenden Weltmeister Thomas Boudat, Frankreich, und den f\u00fchrenden der Weltrangliste, Jasper de Boys aus Belgien, hinter sich gelassen.<br \/>\nEr ist in Bergkamen der Top Star der Veranstaltung. Gelingt ihm die Umstellung von der Bahn auf die Stra\u00dfe, geht der Sieg nur \u00fcber ihn. Aber die starken Teams aus Tschechien, Berlin, Blitz Spich , Hamburg und weitere Regionalmannschaften werden ganz besonders auf Lucas aufpassen. Ein schweres Unterfangen f\u00fcr den erfolgreichen Bergkamener.<\/p>\n<p style=\"text-align: center;\"><img loading=\"lazy\" decoding=\"async\" class=\"aligncenter wp-image-6619\" src=\"http:\/\/radsportbezirk-westfalen-mitte.de\/wordpress\/wp-content\/uploads\/2014\/08\/TeamStoelting.jpg\" alt=\"\" width=\"500\" height=\"319\" border=\"1\" srcset=\"https:\/\/radsportbezirk-westfalen-mitte.de\/wordpress\/wp-content\/uploads\/2014\/08\/TeamStoelting.jpg 700w, https:\/\/radsportbezirk-westfalen-mitte.de\/wordpress\/wp-content\/uploads\/2014\/08\/TeamStoelting-300x192.jpg 300w\" sizes=\"auto, (max-width: 500px) 100vw, 500px\" \/><em>Das Ruhrgebiet-Profi Team St\u00f6lting schickt 4 Top Sportler nach Bergkamen.<br \/>\nV. r. Lucas Li\u00df, Jan Dieteren, Silvio Herklotz (f\u00fcr ihn f\u00e4hrt Alexander Gottfried) und Jan Oelerich.<\/em><\/p>\n<p>&nbsp;<\/p>\n<p>&nbsp;<\/p>\n<p>&nbsp;<\/p>\n<p>&nbsp;<\/p>\n<p>&nbsp;<\/p>\n<h2 style=\"text-align: center;\"><strong><em>Text und Foto: RSV Unna<\/em><\/strong><\/h2>\n<p>&nbsp;<\/p>\n<p>&nbsp;<\/p>\n<p>&nbsp;<\/p>\n<p>&nbsp;<\/p>\n<p>&nbsp;<\/p>\n","protected":false},"excerpt":{"rendered":"<p>Mit einer starken Mannschaft wird der Bergkamener Lokalmatador Lucas Li\u00df am kommenden Sonntag um 17.00 Uhr beim &#8222;Radsportfestival&#8220; an den Start gehen.<\/p><p><a class=\"more-link btn\" href=\"https:\/\/radsportbezirk-westfalen-mitte.de\/wordpress\/6620\/\">Weiterlesen<\/a><\/p>\n","protected":false},"author":1,"featured_media":0,"comment_status":"closed","ping_status":"closed","sticky":false,"template":"","format":"standard","meta":{"footnotes":""},"categories":[28],"tags":[57,71,218,335,823,993],"class_list":["post-6620","post","type-post","status-publish","format-standard","hentry","category-strassenrennsport","tag-57","tag-rsv-unna","tag-strasse","tag-lucas-liss","tag-bergkamener-radsport-festival","tag-rad-team-stoelting","wp-image-borders","item-wrap"],"_links":{"self":[{"href":"https:\/\/radsportbezirk-westfalen-mitte.de\/wordpress\/wp-json\/wp\/v2\/posts\/6620","targetHints":{"allow":["GET"]}}],"collection":[{"href":"https:\/\/radsportbezirk-westfalen-mitte.de\/wordpress\/wp-json\/wp\/v2\/posts"}],"about":[{"href":"https:\/\/radsportbezirk-westfalen-mitte.de\/wordpress\/wp-json\/wp\/v2\/types\/post"}],"author":[{"embeddable":true,"href":"https:\/\/radsportbezirk-westfalen-mitte.de\/wordpress\/wp-json\/wp\/v2\/users\/1"}],"replies":[{"embeddable":true,"href":"https:\/\/radsportbezirk-westfalen-mitte.de\/wordpress\/wp-json\/wp\/v2\/comments?post=6620"}],"version-history":[{"count":4,"href":"https:\/\/radsportbezirk-westfalen-mitte.de\/wordpress\/wp-json\/wp\/v2\/posts\/6620\/revisions"}],"predecessor-version":[{"id":12402,"href":"https:\/\/radsportbezirk-westfalen-mitte.de\/wordpress\/wp-json\/wp\/v2\/posts\/6620\/revisions\/12402"}],"wp:attachment":[{"href":"https:\/\/radsportbezirk-westfalen-mitte.de\/wordpress\/wp-json\/wp\/v2\/media?parent=6620"}],"wp:term":[{"taxonomy":"category","embeddable":true,"href":"https:\/\/radsportbezirk-westfalen-mitte.de\/wordpress\/wp-json\/wp\/v2\/categories?post=6620"},{"taxonomy":"post_tag","embeddable":true,"href":"https:\/\/radsportbezirk-westfalen-mitte.de\/wordpress\/wp-json\/wp\/v2\/tags?post=6620"}],"curies":[{"name":"wp","href":"https:\/\/api.w.org\/{rel}","templated":true}]}}