{"id":6603,"date":"2014-07-30T08:54:45","date_gmt":"2014-07-30T06:54:45","guid":{"rendered":"http:\/\/radsportbezirk-westfalen-mitte.de\/wordpress\/?p=6603"},"modified":"2019-05-01T10:36:13","modified_gmt":"2019-05-01T08:36:13","slug":"bergkamener-radsportfestival-am-sonntag-10-august-2014","status":"publish","type":"post","link":"https:\/\/radsportbezirk-westfalen-mitte.de\/wordpress\/6603\/","title":{"rendered":"\u201cBergkamener Radsportfestival\u201c am Sonntag, 10. August 2014"},"content":{"rendered":"<p>Seit Mitte der 70er Jahre werden in Bergkamen gro\u00dfe internationale Radrennen veranstaltet. Seit dieser Zeit ist die Zusammenarbeit der Stadt Bergkamen mit dem RSV Unna 1968 e.V. gewachsen. Nach einer langen Pause wurde diese Tradition 2011 unter dem Titel \u201cBergkamener Radsportfestival\u201c fortgesetzt.<\/p>\n<p><!--more--><\/p>\n<p>Unter der Schirmherrschaft des Bergkamener B\u00fcrgermeisters Roland Sch\u00e4fer werden am Sonntag, 10. August 2014, ab 11.00 Uhr auch in diesem Jahr die \u201cR\u00e4der rollen\u201c.<\/p>\n<p>Mit Start und Ziel auf der Ebertstra\u00dfe (Stadtmarkt) \u00fcber die Pr\u00e4sidentenstra\u00dfe \u2013 Landwehrstra\u00dfe \u2013 Ebertstra\u00dfe wird die 1,6 km Runde mit dem schwierigen Anstieg zur Ebertstra\u00dfe eine gro\u00dfe Herausforderung f\u00fcr die Sportlerinnen und Sportler sein.<\/p>\n<p>Um 11.00 Uhr beginnen die Vorrennen mit der Sch\u00fclerklasse\/C Klasse\/Jugendklasse und Juniorenklasse.<\/p>\n<p>Ab 12.00 Uhr haben Jugendliche von 7-14 Jahren auf dem Fahrradparcours oberhalb des Stadtmarktes die M\u00f6glichkeit, unter der Leitung des Motorsportclubs Overberge, ihr K\u00f6nnen unter Beweis stellen. Zur gleichen Zeit beginnt die Versteigerung der Fundfahrr\u00e4der auf dem Marktplatz.<\/p>\n<p>Ab 15.00 werden die beliebten Laufradrennen f\u00fcr Kinder bis 5 Jahre veranstaltet. Zugelassen ist hier \u201cAlles was rollt\u201c \u2013 gefahren wird auf der Rennstrecke.<\/p>\n<p>Ab ca. 16.00 Uhr wird die Spannung weiter ansteigen. Erstmals wird ein \u201cMix-Rad-Biathlon\u201c ausgerichtet. Hierbei werden 10 Ehreng\u00e4ste mit Top-Radsportlerinnen als Partnerinnen einen Wettkampf bestreiten. (Das Reglement ist als Anlage beigef\u00fcgt.)<\/p>\n<p>Die Ehreng\u00e4ste, u.a. Landrat Michael Makiolla, MdB Oliver Kaczmarek und Radsport-Pr\u00e4sident Toni Kirsch, wollen mit ihren Partnerinnen, u.a. die frischgebackene Doppel-Europameisterin Mieke Kr\u00f6ger und weitere deutsche und internationale Landesmeisterinnen, f\u00fcr ein spannendes Event sorgen.<\/p>\n<p>Um 17.00 Uhr beginnt dann das internationale Hauptrennen \u00fcber 50 Runden (80 km). Die Top-Besetzung und der Pr\u00e4miensprint werden hier f\u00fcr Spannung sorgen. Lokal-Matador Lucas Li\u00df, gerade aus Portugal mit der Europameisterschafts-Goldmedaille zur\u00fcck, m\u00f6chte hier zum 4. Male auf dem Podium stehen. Aber insbesondere die Fahrer aus Tschechien und die deutschen Top-Sportler werden ihm einen harten Kampf liefern. Mit Musik und Gem\u00fctlichkeit soll der Abend nach der Siegerehrung, ca. 19.00 Uhr, ausklingen.<\/p>\n<p>Die Zuschauer werden durch erfahrene Moderatoren und hei\u00dfe Rhythmen unterhalten. Informationsst\u00e4nde der Sponsoren, eine Fahrrad-Teststrecke, eine Autoausstellung, Imbiss, selbstgebackener Kuchen und Getr\u00e4nkest\u00e4nde sorgen f\u00fcr das \u201cleibliche Wohl\u201c der G\u00e4ste.<\/p>\n<p>Auf nach Bergkamen &#8211; erleben Sie einen runden Sonntagnachmittag!<\/p>\n<p>&nbsp;<\/p>\n<p><img loading=\"lazy\" decoding=\"async\" class=\"aligncenter wp-image-6602\" style=\"border: 1px solid black; display: block; margin-left: auto; margin-right: auto;\" src=\"http:\/\/radsportbezirk-westfalen-mitte.de\/wordpress\/wp-content\/uploads\/2014\/07\/IMG_0038.jpg\" alt=\"\" width=\"359\" height=\"500\" border=\"2\" srcset=\"https:\/\/radsportbezirk-westfalen-mitte.de\/wordpress\/wp-content\/uploads\/2014\/07\/IMG_0038.jpg 550w, https:\/\/radsportbezirk-westfalen-mitte.de\/wordpress\/wp-content\/uploads\/2014\/07\/IMG_0038-216x300.jpg 216w\" sizes=\"auto, (max-width: 359px) 100vw, 359px\" \/><br \/>\n&nbsp;<\/p>\n<p>&nbsp;<\/p>\n<p>&nbsp;<\/p>\n<p>&nbsp;<\/p>\n<h2 style=\"text-align: center;\"><em><strong>Text &amp; Bild:<br \/>\nReinhold B\u00f6hm, Sportl. Leiter RSV Unna <\/strong><\/em><\/h2>\n<p>&nbsp;<\/p>\n<p>&nbsp;<\/p>\n<p>&nbsp;<\/p>\n<p>&nbsp;<\/p>\n<p>&nbsp;<\/p>\n<!-- WP Attachments -->\r\n        <div style=\"width:100%;margin:10px 0 10px 0;\">\r\n            <h3>***<\/h3>\r\n        <ul class=\"post-attachments\"><li class=\"post-attachment mime-application-pdf\"><small><i><a target=\"_blank\" rel=\"noopener noreferrer\" href=\"https:\/\/radsportbezirk-westfalen-mitte.de\/wordpress\/wp-content\/uploads\/2019\/03\/Reglement-Rad-Biathlon.pdf\">Reglement Rad-Biathlon<\/a><\/i><\/small><\/li><\/ul><\/div>","protected":false},"excerpt":{"rendered":"<p>Seit Mitte der 70er Jahre werden in Bergkamen gro\u00dfe internationale Radrennen veranstaltet. Seit dieser Zeit ist die Zusammenarbeit der Stadt Bergkamen mit dem RSV Unna 1968 e.V. gewachsen. Nach einer langen Pause wurde diese Tradition 2011 unter dem Titel \u201cBergkamener Radsportfestival\u201c fortgesetzt.<\/p>\n<p> *** <\/p><p><a class=\"more-link btn\" href=\"https:\/\/radsportbezirk-westfalen-mitte.de\/wordpress\/6603\/\">Weiterlesen<\/a><\/p>\n<ul class=\"post-attachments\">\n<li class=\"post-attachment mime-application-pdf\"><i>Reglement Rad-Biathlon<\/i><\/li>\n<\/ul>\n","protected":false},"author":1,"featured_media":0,"comment_status":"closed","ping_status":"closed","sticky":false,"template":"","format":"standard","meta":{"footnotes":""},"categories":[34],"tags":[71,823,57],"class_list":["post-6603","post","type-post","status-publish","format-standard","hentry","category-breitensport","tag-rsv-unna","tag-bergkamener-radsport-festival","tag-57","wp-image-borders","item-wrap"],"_links":{"self":[{"href":"https:\/\/radsportbezirk-westfalen-mitte.de\/wordpress\/wp-json\/wp\/v2\/posts\/6603","targetHints":{"allow":["GET"]}}],"collection":[{"href":"https:\/\/radsportbezirk-westfalen-mitte.de\/wordpress\/wp-json\/wp\/v2\/posts"}],"about":[{"href":"https:\/\/radsportbezirk-westfalen-mitte.de\/wordpress\/wp-json\/wp\/v2\/types\/post"}],"author":[{"embeddable":true,"href":"https:\/\/radsportbezirk-westfalen-mitte.de\/wordpress\/wp-json\/wp\/v2\/users\/1"}],"replies":[{"embeddable":true,"href":"https:\/\/radsportbezirk-westfalen-mitte.de\/wordpress\/wp-json\/wp\/v2\/comments?post=6603"}],"version-history":[{"count":3,"href":"https:\/\/radsportbezirk-westfalen-mitte.de\/wordpress\/wp-json\/wp\/v2\/posts\/6603\/revisions"}],"predecessor-version":[{"id":11615,"href":"https:\/\/radsportbezirk-westfalen-mitte.de\/wordpress\/wp-json\/wp\/v2\/posts\/6603\/revisions\/11615"}],"wp:attachment":[{"href":"https:\/\/radsportbezirk-westfalen-mitte.de\/wordpress\/wp-json\/wp\/v2\/media?parent=6603"}],"wp:term":[{"taxonomy":"category","embeddable":true,"href":"https:\/\/radsportbezirk-westfalen-mitte.de\/wordpress\/wp-json\/wp\/v2\/categories?post=6603"},{"taxonomy":"post_tag","embeddable":true,"href":"https:\/\/radsportbezirk-westfalen-mitte.de\/wordpress\/wp-json\/wp\/v2\/tags?post=6603"}],"curies":[{"name":"wp","href":"https:\/\/api.w.org\/{rel}","templated":true}]}}