{"id":6596,"date":"2014-07-29T08:53:35","date_gmt":"2014-07-29T06:53:35","guid":{"rendered":"http:\/\/radsportbezirk-westfalen-mitte.de\/wordpress\/?p=6596"},"modified":"2019-04-10T12:39:00","modified_gmt":"2019-04-10T10:39:00","slug":"brt-tag-2-montag-28-07-2014","status":"publish","type":"post","link":"https:\/\/radsportbezirk-westfalen-mitte.de\/wordpress\/6596\/","title":{"rendered":"BRT, Tag 2: Montag, 28.07.2014"},"content":{"rendered":"<p style=\"text-align: center;\"><strong>Ruhrgebiets Tour Dortmund Nord!<\/strong><\/p>\n<p>Der Montag stand beim Bundes Radsport Treffen ganz im Zeichen der Ruhrgebiets Kultur. <!--more-->Die Tagestour, ausgearbeitet vom RSV Dortmund Nord, f\u00fchrte die Teilnehmer durch L\u00fcnen in die Kulturlandschaft des \u00f6stlichen Radgebiets Dortmund. Der Wasserturm in Dortmund Grevelv, Malakowturm, Zeche Minister Stein, Stadtkrone Ost, Ph\u00f6nixsee , Stahlwerk Ph\u00f6nix West und das Signal Iduna Stadion waren eines der Optische H\u00f6henpunkte in Dortmund. Zur\u00fcck ging es \u00fcber das Wannebachtal, dem Ruhrtal und der Kreisstadt Unna.<\/p>\n<p>Viele Teilnehmer haben dadurch eine neue sicht der \u201eGro\u00dfstadt Dortmund\u201c erhalten und auch wenn die Stra\u00dfen nicht immer Optimal waren, zeigten sie sich zufrieden.<\/p>\n<p>&nbsp;<\/p>\n<pre style=\"text-align: center;\"><img loading=\"lazy\" decoding=\"async\" class=\"aligncenter wp-image-6595\" style=\"border: 1px solid black;\" src=\"http:\/\/radsportbezirk-westfalen-mitte.de\/wordpress\/wp-content\/uploads\/2014\/07\/Montag-RSV_Dortmund_Nord.jpg\" alt=\"\" width=\"500\" height=\"281\" border=\"1\" srcset=\"https:\/\/radsportbezirk-westfalen-mitte.de\/wordpress\/wp-content\/uploads\/2014\/07\/Montag-RSV_Dortmund_Nord.jpg 700w, https:\/\/radsportbezirk-westfalen-mitte.de\/wordpress\/wp-content\/uploads\/2014\/07\/Montag-RSV_Dortmund_Nord-300x169.jpg 300w\" sizes=\"auto, (max-width: 500px) 100vw, 500px\" \/>\r\n<\/pre>\n<p>&nbsp;<\/p>\n<p>Heute geht es weiter mit der Tagestour des SC Capelle im s\u00fcdliche M\u00fcnsterland.<\/p>\n<p>&nbsp;<\/p>\n<p>&nbsp;<\/p>\n<p>&nbsp;<\/p>\n<p>&nbsp;<\/p>\n<p>&nbsp;<\/p>\n<h2 style=\"text-align: center;\"><strong><em>Text: Norbert Schnitzmeier<br \/>\nFoto: \u00a9 Jan Bleil<\/em><\/strong><\/h2>\n<p>&nbsp;<\/p>\n<p>&nbsp;<\/p>\n<p>&nbsp;<\/p>\n<p>&nbsp;<\/p>\n<p>&nbsp;<\/p>\n","protected":false},"excerpt":{"rendered":"<p style=\"text-align: center;\">Ruhrgebiets Tour Dortmund Nord!<\/p>\n<p>Der Montag stand beim Bundes Radsport Treffen ganz im Zeichen der Ruhrgebiets Kultur. <\/p><p><a class=\"more-link btn\" href=\"https:\/\/radsportbezirk-westfalen-mitte.de\/wordpress\/6596\/\">Weiterlesen<\/a><\/p>\n","protected":false},"author":1,"featured_media":0,"comment_status":"closed","ping_status":"closed","sticky":false,"template":"","format":"standard","meta":{"footnotes":""},"categories":[50],"tags":[57,92,451,521],"class_list":["post-6596","post","type-post","status-publish","format-standard","hentry","category-brt2014","tag-57","tag-dortmund","tag-brt","tag-tag-2","wp-image-borders","item-wrap"],"_links":{"self":[{"href":"https:\/\/radsportbezirk-westfalen-mitte.de\/wordpress\/wp-json\/wp\/v2\/posts\/6596","targetHints":{"allow":["GET"]}}],"collection":[{"href":"https:\/\/radsportbezirk-westfalen-mitte.de\/wordpress\/wp-json\/wp\/v2\/posts"}],"about":[{"href":"https:\/\/radsportbezirk-westfalen-mitte.de\/wordpress\/wp-json\/wp\/v2\/types\/post"}],"author":[{"embeddable":true,"href":"https:\/\/radsportbezirk-westfalen-mitte.de\/wordpress\/wp-json\/wp\/v2\/users\/1"}],"replies":[{"embeddable":true,"href":"https:\/\/radsportbezirk-westfalen-mitte.de\/wordpress\/wp-json\/wp\/v2\/comments?post=6596"}],"version-history":[{"count":3,"href":"https:\/\/radsportbezirk-westfalen-mitte.de\/wordpress\/wp-json\/wp\/v2\/posts\/6596\/revisions"}],"predecessor-version":[{"id":10245,"href":"https:\/\/radsportbezirk-westfalen-mitte.de\/wordpress\/wp-json\/wp\/v2\/posts\/6596\/revisions\/10245"}],"wp:attachment":[{"href":"https:\/\/radsportbezirk-westfalen-mitte.de\/wordpress\/wp-json\/wp\/v2\/media?parent=6596"}],"wp:term":[{"taxonomy":"category","embeddable":true,"href":"https:\/\/radsportbezirk-westfalen-mitte.de\/wordpress\/wp-json\/wp\/v2\/categories?post=6596"},{"taxonomy":"post_tag","embeddable":true,"href":"https:\/\/radsportbezirk-westfalen-mitte.de\/wordpress\/wp-json\/wp\/v2\/tags?post=6596"}],"curies":[{"name":"wp","href":"https:\/\/api.w.org\/{rel}","templated":true}]}}