{"id":6592,"date":"2014-07-27T08:54:44","date_gmt":"2014-07-27T06:54:44","guid":{"rendered":"http:\/\/radsportbezirk-westfalen-mitte.de\/wordpress\/?p=6592"},"modified":"2019-03-29T10:56:25","modified_gmt":"2019-03-29T09:56:25","slug":"lucas-liss-der-traum-wird-wahr-europameister-2014","status":"publish","type":"post","link":"https:\/\/radsportbezirk-westfalen-mitte.de\/wordpress\/6592\/","title":{"rendered":"Lucas Li\u00df: Der Traum wird wahr, Europameister 2014."},"content":{"rendered":"<p>Der Bergkamener Lucas Li\u00df in Unna geboren und seit seiner Sch\u00fclerzeit beim Rad-Sport-Verein Unna, hat bei den Bahn-Europameisterschaften der U23 in Andia\/Portugal am Sonnabend die Goldmedaille im Omnium gewonnen.<\/p>\n<p><!--more--><\/p>\n<p>Der 22-J\u00e4hrige setzte sich nach sechs Disziplinen mit 191 Punkten vor dem Russen Viktor Manakov (184) durch. Den 3. Platz belegte der Schweizer Suter (177) vor Titelverteidiger Jasper de Buyst aus Belgien (175). Schon am 1. Tage des Rad Mehrkampfes lag Lucas hinter dem Top-Favoriten, dem Russen Victor Manakov auf dem 2. Platz. Am zweiten Tag begann er mit dem Sieg in seiner Parade-Disziplin, dem 1000 m Zeitfahren.<\/p>\n<p>In 1.02.86 fuhr er noch schneller als am Dienstag in der Einzeldisziplin. Dienstag wurde er 4. Mit dieser Zeit w\u00e4re Platz 2 schon m\u00f6glich gewesen. Als er anschlie\u00dfend auch im Rundrekordfahren die Bestzeit vorlegte, ging er als F\u00fchrender in die letzte schwierige Disziplin, das Punktefahren. Der Plan hier die Mitfavoriten zu kontrollieren ging hervorragend auf, und sensationell holte er sich den Titel vor dem starken Russen.<\/p>\n<p>Lucas Li\u00df, der im vergangenen Winter auf der Bahn pausierte und in den letzten Monaten mit gesundheitlichen Problemen zu k\u00e4mpfen hatte, kn\u00fcpfte mit diesem Titel nahtlos an seine gl\u00e4nzenden Mehrkampf-Ergebnisse an. Vor 10 Tagen gewann er noch in Glasgow in dieser Disziplin. 2012 gewann er die Europameisterschaft bei der Elite und wurde 2013 WM-Vierter. Dazu gelang ihm in Glasgow 2012 ein Weltcup-Sieg. Sein gro\u00dfes Ziel ist die Olympia-Teilnahme 2016 in Rio de Janeiro.<\/p>\n<p>In 14 Tagen, am Sonntag, dem 10. August wird sich der mehrfache &#8222;Deutsche Meister&#8220; Lucas Li\u00df beim &#8222;Bergkamener Radsport Festival&#8220; den heimischen Radsport-Fans vorstellen.<\/p>\n<p>&nbsp;<\/p>\n<p><img loading=\"lazy\" decoding=\"async\" class=\"aligncenter wp-image-6591\" style=\"display: block; margin-left: auto; margin-right: auto;\" src=\"http:\/\/radsportbezirk-westfalen-mitte.de\/wordpress\/wp-content\/uploads\/2014\/07\/LucasLiss-Europameister2014.jpg\" alt=\"\" width=\"500\" height=\"474\" border=\"1\" srcset=\"https:\/\/radsportbezirk-westfalen-mitte.de\/wordpress\/wp-content\/uploads\/2014\/07\/LucasLiss-Europameister2014.jpg 700w, https:\/\/radsportbezirk-westfalen-mitte.de\/wordpress\/wp-content\/uploads\/2014\/07\/LucasLiss-Europameister2014-300x285.jpg 300w\" sizes=\"auto, (max-width: 500px) 100vw, 500px\" \/><\/p>\n<p style=\"text-align: center;\"><em>Mit einer Gala-Vorstellung zum Europameister-Titel: Lucas Li\u00df (vorne)<\/em><\/p>\n<p>&nbsp;<\/p>\n<p>&nbsp;<\/p>\n<p>&nbsp;<\/p>\n<p>&nbsp;<\/p>\n<p>&nbsp;<\/p>\n<h2 align=\"center\"><strong><em>Text &amp; Foto: Reinhold B\u00f6hm (RSV Unna)<\/em><\/strong><\/h2>\n<p>&nbsp;<\/p>\n<p>&nbsp;<\/p>\n<p>&nbsp;<\/p>\n<p>&nbsp;<\/p>\n<p>&nbsp;<\/p>\n","protected":false},"excerpt":{"rendered":"<p>Der Bergkamener Lucas Li\u00df in Unna geboren und seit seiner Sch\u00fclerzeit beim Rad-Sport-Verein Unna, hat bei den Bahn-Europameisterschaften der U23 in Andia\/Portugal am Sonnabend die Goldmedaille im Omnium gewonnen.<\/p><p><a class=\"more-link btn\" href=\"https:\/\/radsportbezirk-westfalen-mitte.de\/wordpress\/6592\/\">Weiterlesen<\/a><\/p>\n","protected":false},"author":1,"featured_media":0,"comment_status":"closed","ping_status":"closed","sticky":false,"template":"","format":"standard","meta":{"footnotes":""},"categories":[27],"tags":[71,260,335,57],"class_list":["post-6592","post","type-post","status-publish","format-standard","hentry","category-bahnrennsport","tag-rsv-unna","tag-em","tag-lucas-liss","tag-57","wp-image-borders","item-wrap"],"_links":{"self":[{"href":"https:\/\/radsportbezirk-westfalen-mitte.de\/wordpress\/wp-json\/wp\/v2\/posts\/6592","targetHints":{"allow":["GET"]}}],"collection":[{"href":"https:\/\/radsportbezirk-westfalen-mitte.de\/wordpress\/wp-json\/wp\/v2\/posts"}],"about":[{"href":"https:\/\/radsportbezirk-westfalen-mitte.de\/wordpress\/wp-json\/wp\/v2\/types\/post"}],"author":[{"embeddable":true,"href":"https:\/\/radsportbezirk-westfalen-mitte.de\/wordpress\/wp-json\/wp\/v2\/users\/1"}],"replies":[{"embeddable":true,"href":"https:\/\/radsportbezirk-westfalen-mitte.de\/wordpress\/wp-json\/wp\/v2\/comments?post=6592"}],"version-history":[{"count":3,"href":"https:\/\/radsportbezirk-westfalen-mitte.de\/wordpress\/wp-json\/wp\/v2\/posts\/6592\/revisions"}],"predecessor-version":[{"id":10006,"href":"https:\/\/radsportbezirk-westfalen-mitte.de\/wordpress\/wp-json\/wp\/v2\/posts\/6592\/revisions\/10006"}],"wp:attachment":[{"href":"https:\/\/radsportbezirk-westfalen-mitte.de\/wordpress\/wp-json\/wp\/v2\/media?parent=6592"}],"wp:term":[{"taxonomy":"category","embeddable":true,"href":"https:\/\/radsportbezirk-westfalen-mitte.de\/wordpress\/wp-json\/wp\/v2\/categories?post=6592"},{"taxonomy":"post_tag","embeddable":true,"href":"https:\/\/radsportbezirk-westfalen-mitte.de\/wordpress\/wp-json\/wp\/v2\/tags?post=6592"}],"curies":[{"name":"wp","href":"https:\/\/api.w.org\/{rel}","templated":true}]}}