{"id":6587,"date":"2014-07-23T08:54:44","date_gmt":"2014-07-23T06:54:44","guid":{"rendered":"http:\/\/radsportbezirk-westfalen-mitte.de\/wordpress\/?p=6587"},"modified":"2019-04-28T10:37:58","modified_gmt":"2019-04-28T08:37:58","slug":"liss-mit-madaillenchancen-bei-bahn-em","status":"publish","type":"post","link":"https:\/\/radsportbezirk-westfalen-mitte.de\/wordpress\/6587\/","title":{"rendered":"LISS MIT MADAILLENCHANCEN BEI BAHN EM"},"content":{"rendered":"<p>Am kommenden Samstag und Sonntag wird Lucas Li\u00df vom RSV Unna Anadia\/Portugal bei den Bahn-Europameisterschaften um die Medaillen k\u00e4mpfen.<\/p>\n<p><!--more--><\/p>\n<p>&#8222;Zwar seien noch nicht alle Meinungsverschiedenheiten ausger\u00e4umt, trotzdem kehrt in Anadia Lucas Li\u00df aus Unna in die Nationalmannschaft zur\u00fcck und bestreitet den Sechskampf.&#8220;, hie\u00df es von Seiten des BDR.<\/p>\n<p>Nach rund einem Jahr Bahn-Pause meldete sich der Europameister von 2012 und WM-Vierte von 2013 mit einem Sechskampf-Sieg in Dublin Mitte des Monats zur\u00fcck. &#8222;Er ist derzeit der Sportler mit dem gr\u00f6\u00dften Potenzial. Und es geht jetzt um den Olympia-Startplatz, da braucht man starke Sportler&#8220;, sagt Bundestrainer Meyer. 2 Wochen sp\u00e4ter wird er beim &#8222;Bergkamener Radsport Festival&#8220; im internationalen Hauptrennen als einer der Top Favoriten am Start stehen.<\/p>\n<p>&nbsp;<\/p>\n<p><img loading=\"lazy\" decoding=\"async\" class=\"aligncenter wp-image-6586\" src=\"http:\/\/radsportbezirk-westfalen-mitte.de\/wordpress\/wp-content\/uploads\/2014\/07\/LucasLiss-BahnEM.jpg\" alt=\"\" width=\"500\" height=\"401\" border=\"1\" srcset=\"https:\/\/radsportbezirk-westfalen-mitte.de\/wordpress\/wp-content\/uploads\/2014\/07\/LucasLiss-BahnEM.jpg 700w, https:\/\/radsportbezirk-westfalen-mitte.de\/wordpress\/wp-content\/uploads\/2014\/07\/LucasLiss-BahnEM-300x241.jpg 300w\" sizes=\"auto, (max-width: 500px) 100vw, 500px\" \/><\/p>\n<p>&nbsp;<\/p>\n<p>&nbsp;<\/p>\n<p>&nbsp;<\/p>\n<p>&nbsp;<\/p>\n<p>&nbsp;<\/p>\n<h2 style=\"text-align: center;\"><em><strong>Text und Foto: Reinhold B\u00f6hm (RSV Unna)<\/strong><\/em><\/h2>\n<p>&nbsp;<\/p>\n<p>&nbsp;<\/p>\n<p>&nbsp;<\/p>\n<p>&nbsp;<\/p>\n<p>&nbsp;<\/p>\n","protected":false},"excerpt":{"rendered":"<p>Am kommenden Samstag und Sonntag wird Lucas Li\u00df vom RSV Unna Anadia\/Portugal bei den Bahn-Europameisterschaften um die Medaillen k\u00e4mpfen.<\/p><p><a class=\"more-link btn\" href=\"https:\/\/radsportbezirk-westfalen-mitte.de\/wordpress\/6587\/\">Weiterlesen<\/a><\/p>\n","protected":false},"author":1,"featured_media":0,"comment_status":"closed","ping_status":"closed","sticky":false,"template":"","format":"standard","meta":{"footnotes":""},"categories":[27],"tags":[335,57,71,260,266],"class_list":["post-6587","post","type-post","status-publish","format-standard","hentry","category-bahnrennsport","tag-lucas-liss","tag-57","tag-rsv-unna","tag-em","tag-bahn","wp-image-borders","item-wrap"],"_links":{"self":[{"href":"https:\/\/radsportbezirk-westfalen-mitte.de\/wordpress\/wp-json\/wp\/v2\/posts\/6587","targetHints":{"allow":["GET"]}}],"collection":[{"href":"https:\/\/radsportbezirk-westfalen-mitte.de\/wordpress\/wp-json\/wp\/v2\/posts"}],"about":[{"href":"https:\/\/radsportbezirk-westfalen-mitte.de\/wordpress\/wp-json\/wp\/v2\/types\/post"}],"author":[{"embeddable":true,"href":"https:\/\/radsportbezirk-westfalen-mitte.de\/wordpress\/wp-json\/wp\/v2\/users\/1"}],"replies":[{"embeddable":true,"href":"https:\/\/radsportbezirk-westfalen-mitte.de\/wordpress\/wp-json\/wp\/v2\/comments?post=6587"}],"version-history":[{"count":3,"href":"https:\/\/radsportbezirk-westfalen-mitte.de\/wordpress\/wp-json\/wp\/v2\/posts\/6587\/revisions"}],"predecessor-version":[{"id":11546,"href":"https:\/\/radsportbezirk-westfalen-mitte.de\/wordpress\/wp-json\/wp\/v2\/posts\/6587\/revisions\/11546"}],"wp:attachment":[{"href":"https:\/\/radsportbezirk-westfalen-mitte.de\/wordpress\/wp-json\/wp\/v2\/media?parent=6587"}],"wp:term":[{"taxonomy":"category","embeddable":true,"href":"https:\/\/radsportbezirk-westfalen-mitte.de\/wordpress\/wp-json\/wp\/v2\/categories?post=6587"},{"taxonomy":"post_tag","embeddable":true,"href":"https:\/\/radsportbezirk-westfalen-mitte.de\/wordpress\/wp-json\/wp\/v2\/tags?post=6587"}],"curies":[{"name":"wp","href":"https:\/\/api.w.org\/{rel}","templated":true}]}}