{"id":6583,"date":"2014-07-17T08:54:44","date_gmt":"2014-07-17T06:54:44","guid":{"rendered":"http:\/\/radsportbezirk-westfalen-mitte.de\/wordpress\/?p=6583"},"modified":"2019-03-29T10:01:38","modified_gmt":"2019-03-29T09:01:38","slug":"lucas-liss-gewinnt-den-irish-international-track-gp-in-dublin-sechsten-platz-beim-grand-prix-of-poland-in-pruszkow","status":"publish","type":"post","link":"https:\/\/radsportbezirk-westfalen-mitte.de\/wordpress\/6583\/","title":{"rendered":"Lucas Li\u00df gewinnt den &#8222;Irish International Track GP&#8220; in Dublin. Sechsten Platz beim &#8222;Grand Prix of Poland&#8220; in Pruszkow."},"content":{"rendered":"<p>Nach einer harten Stra\u00dfensaison startete Lucas Li\u00df in der Vorwoche wieder bei einem Bahnrennen um sich die n\u00f6tigen Punkte f\u00fcr den Einsatz im Weltcup und den Olympischen Spielen 2016 zu holen.<\/p>\n<p><!--more--><\/p>\n<p>In Puszkow\/Polen hatten 12 Nationen ihre Nationalfahrer gemeldet. Trotz der langen Pause und wenig Bahntraining auf den Radrennbahn in Neuss-B\u00fcttgen, zeigte der Omniums-Europameister und Weltcupsieger wieder sein Talent und kam in seinem ersten Bahneinsatz 2014 auf den 6. Platz. Ein Sturz im Ausscheidungsfahren verhinderte hier schon ein Medaille.<\/p>\n<p>Dies holte er eine Woche sp\u00e4ter beim &#8220; Irish International Track GP&#8220; in Dublin nach. In allen Disziplinen des Omniums kam Lucas entweder auf Platz 1 oder 2. Das 1000 m Zeitfahren gewann er in neuer Bahnrekordzeit und holte sich auch den Sieg im Rundenrekordfahren. Im Scratch, Punktefahren, Ausscheidungsfahren und 4000 m Verfolgungsfahren kam er jeweils auf den 2. Platz und gewann das Omnium \u00fcberlegen vor dem amtierenden &#8222;Deutschen Meister&#8220; Maximilian Beyer, Berlin, und dem Favoriten Martyn Irwine aus Irland. Bundestrainer Meyer hat ihn danach umgehend f\u00fcr die Europameisterschaften nominiert, die am kommenden Wochenende in Anadia\/Portugal stattfinden. Lucas hofft hier seine Form vom Wochenende zu best\u00e4tigen und will mit einer Medaillen die Heimfahrt antreten. Die Form f\u00fcr das &#8222;Bergkamener Radsport Festival&#8220; am 10. August scheint zu stimmen.<\/p>\n<p style=\"text-align: center;\"><img loading=\"lazy\" decoding=\"async\" class=\"aligncenter wp-image-6582\" style=\"border: 0;\" src=\"http:\/\/radsportbezirk-westfalen-mitte.de\/wordpress\/wp-content\/uploads\/2014\/07\/Volle_Kraft_voraus.jpg\" alt=\"\" width=\"438\" height=\"500\" border=\"1\" srcset=\"https:\/\/radsportbezirk-westfalen-mitte.de\/wordpress\/wp-content\/uploads\/2014\/07\/Volle_Kraft_voraus.jpg 673w, https:\/\/radsportbezirk-westfalen-mitte.de\/wordpress\/wp-content\/uploads\/2014\/07\/Volle_Kraft_voraus-263x300.jpg 263w\" sizes=\"auto, (max-width: 438px) 100vw, 438px\" \/><em>Lucas Li\u00df voller Einsatz im Nationaltrikot.<\/em><\/p>\n<p>&nbsp;<\/p>\n<p>&nbsp;<\/p>\n<p>&nbsp;<\/p>\n<p>&nbsp;<\/p>\n<p>&nbsp;<\/p>\n<h2 style=\"text-align: center;\"><em><strong>Text &amp; Foto: Reinhold B\u00f6hm<\/strong><br \/>\n<\/em><\/h2>\n<p>&nbsp;<\/p>\n<p>&nbsp;<\/p>\n<p>&nbsp;<\/p>\n<p>&nbsp;<\/p>\n<p>&nbsp;<\/p>\n","protected":false},"excerpt":{"rendered":"<p>Nach einer harten Stra\u00dfensaison startete Lucas Li\u00df in der Vorwoche wieder bei einem Bahnrennen um sich die n\u00f6tigen Punkte f\u00fcr den Einsatz im Weltcup und den Olympischen Spielen 2016 zu holen.<\/p><p><a class=\"more-link btn\" href=\"https:\/\/radsportbezirk-westfalen-mitte.de\/wordpress\/6583\/\">Weiterlesen<\/a><\/p>\n","protected":false},"author":1,"featured_media":0,"comment_status":"closed","ping_status":"closed","sticky":false,"template":"","format":"standard","meta":{"footnotes":""},"categories":[27],"tags":[57,71,266,335,441,442],"class_list":["post-6583","post","type-post","status-publish","format-standard","hentry","category-bahnrennsport","tag-57","tag-rsv-unna","tag-bahn","tag-lucas-liss","tag-puszkow","tag-dublin","wp-image-borders","item-wrap"],"_links":{"self":[{"href":"https:\/\/radsportbezirk-westfalen-mitte.de\/wordpress\/wp-json\/wp\/v2\/posts\/6583","targetHints":{"allow":["GET"]}}],"collection":[{"href":"https:\/\/radsportbezirk-westfalen-mitte.de\/wordpress\/wp-json\/wp\/v2\/posts"}],"about":[{"href":"https:\/\/radsportbezirk-westfalen-mitte.de\/wordpress\/wp-json\/wp\/v2\/types\/post"}],"author":[{"embeddable":true,"href":"https:\/\/radsportbezirk-westfalen-mitte.de\/wordpress\/wp-json\/wp\/v2\/users\/1"}],"replies":[{"embeddable":true,"href":"https:\/\/radsportbezirk-westfalen-mitte.de\/wordpress\/wp-json\/wp\/v2\/comments?post=6583"}],"version-history":[{"count":3,"href":"https:\/\/radsportbezirk-westfalen-mitte.de\/wordpress\/wp-json\/wp\/v2\/posts\/6583\/revisions"}],"predecessor-version":[{"id":10004,"href":"https:\/\/radsportbezirk-westfalen-mitte.de\/wordpress\/wp-json\/wp\/v2\/posts\/6583\/revisions\/10004"}],"wp:attachment":[{"href":"https:\/\/radsportbezirk-westfalen-mitte.de\/wordpress\/wp-json\/wp\/v2\/media?parent=6583"}],"wp:term":[{"taxonomy":"category","embeddable":true,"href":"https:\/\/radsportbezirk-westfalen-mitte.de\/wordpress\/wp-json\/wp\/v2\/categories?post=6583"},{"taxonomy":"post_tag","embeddable":true,"href":"https:\/\/radsportbezirk-westfalen-mitte.de\/wordpress\/wp-json\/wp\/v2\/tags?post=6583"}],"curies":[{"name":"wp","href":"https:\/\/api.w.org\/{rel}","templated":true}]}}