{"id":6544,"date":"2014-05-27T08:54:04","date_gmt":"2014-05-27T06:54:04","guid":{"rendered":"http:\/\/radsportbezirk-westfalen-mitte.de\/wordpress\/?p=6544"},"modified":"2019-04-21T10:28:42","modified_gmt":"2019-04-21T08:28:42","slug":"jugend-radsport-camp","status":"publish","type":"post","link":"https:\/\/radsportbezirk-westfalen-mitte.de\/wordpress\/6544\/","title":{"rendered":"Jugend \u2013 Radsport \u2013 Camp"},"content":{"rendered":"<p><strong>Jugend \u2013 Radsport \u2013 Camp<\/strong><br \/>\nim Rahmen des RWE Bundesradsporttreffens 2014 in Werne<br \/>\nvom <strong>31.07. \u2013 02.08.2014<\/strong> f\u00fcr alle Kinder und Jugendlichen zwischen 10-16 Jahre<\/p>\n<p><!--more--><\/p>\n<p><strong>Habt ihr Lust auf 3 sportliche Tage rund ums Fahrradfahren?<\/strong><\/p>\n<p>Wir veranstalten mit euch:<\/p>\n<ul>\n<li>Geschicklichkeitsfahren auf einem Hindernisparcours<\/li>\n<li>Trainingsfahrt im Gel\u00e4nde<\/li>\n<li>Fette Reifen Rennen &#8211; Connex Cup ( Mountainbike mind. 30mm Reifenbreite )<\/li>\n<li>Schwimmbadbesuch im Natursolebad Werne<\/li>\n<li>Kinobesuch oder Filmvorf\u00fchrung<\/li>\n<li>und nat\u00fcrlich viel Spa\u00df beim Spielen, gemeinsamen Essen und Abh\u00e4ngen<\/li>\n<\/ul>\n<p><em>Teilnahmegeb\u00fchr:<\/em> 25\u20ac f\u00fcr 2x \u00dcbernachtung in einer Turnhalle, Verpflegung, Schwimmbadbesuch, Filmvorf\u00fchrung<br \/>\n<em>Treffpunkt:<\/em> kleine Turnhalle Bahnhofstra\u00dfe 1, 59368 Werne, am 31.7. um 10 Uhr.<\/p>\n<p>&nbsp;<\/p>\n<p>&nbsp;<\/p>\n<p style=\"text-align: center;\">Mit sportlichen Gr\u00fc\u00dfen<br \/>\nJens Kl\u00fch<br \/>\n<em>Abteilungsleiter MTB<br \/>\nASC 09 Dortmund<\/em><\/p>\n<p>&nbsp;<\/p>\n<p>&nbsp;<\/p>\n<p>&nbsp;<\/p>\n<p>&nbsp;<\/p>\n<p>&nbsp;<\/p>\n","protected":false},"excerpt":{"rendered":"<p>Jugend \u2013 Radsport \u2013 Camp im Rahmen des RWE Bundesradsporttreffens 2014 in Werne vom 31.07. \u2013 02.08.2014 f\u00fcr alle Kinder und Jugendlichen zwischen 10-16 Jahre<\/p><p><a class=\"more-link btn\" href=\"https:\/\/radsportbezirk-westfalen-mitte.de\/wordpress\/6544\/\">Weiterlesen<\/a><\/p>\n","protected":false},"author":1,"featured_media":0,"comment_status":"closed","ping_status":"closed","sticky":false,"template":"","format":"standard","meta":{"footnotes":""},"categories":[44],"tags":[72,83,451,677,57],"class_list":["post-6544","post","type-post","status-publish","format-standard","hentry","category-jugendradsport","tag-jugend","tag-asc-dortmund","tag-brt","tag-radsport-camp","tag-57","wp-image-borders","item-wrap"],"_links":{"self":[{"href":"https:\/\/radsportbezirk-westfalen-mitte.de\/wordpress\/wp-json\/wp\/v2\/posts\/6544","targetHints":{"allow":["GET"]}}],"collection":[{"href":"https:\/\/radsportbezirk-westfalen-mitte.de\/wordpress\/wp-json\/wp\/v2\/posts"}],"about":[{"href":"https:\/\/radsportbezirk-westfalen-mitte.de\/wordpress\/wp-json\/wp\/v2\/types\/post"}],"author":[{"embeddable":true,"href":"https:\/\/radsportbezirk-westfalen-mitte.de\/wordpress\/wp-json\/wp\/v2\/users\/1"}],"replies":[{"embeddable":true,"href":"https:\/\/radsportbezirk-westfalen-mitte.de\/wordpress\/wp-json\/wp\/v2\/comments?post=6544"}],"version-history":[{"count":3,"href":"https:\/\/radsportbezirk-westfalen-mitte.de\/wordpress\/wp-json\/wp\/v2\/posts\/6544\/revisions"}],"predecessor-version":[{"id":10922,"href":"https:\/\/radsportbezirk-westfalen-mitte.de\/wordpress\/wp-json\/wp\/v2\/posts\/6544\/revisions\/10922"}],"wp:attachment":[{"href":"https:\/\/radsportbezirk-westfalen-mitte.de\/wordpress\/wp-json\/wp\/v2\/media?parent=6544"}],"wp:term":[{"taxonomy":"category","embeddable":true,"href":"https:\/\/radsportbezirk-westfalen-mitte.de\/wordpress\/wp-json\/wp\/v2\/categories?post=6544"},{"taxonomy":"post_tag","embeddable":true,"href":"https:\/\/radsportbezirk-westfalen-mitte.de\/wordpress\/wp-json\/wp\/v2\/tags?post=6544"}],"curies":[{"name":"wp","href":"https:\/\/api.w.org\/{rel}","templated":true}]}}